{"id":43131,"date":"2016-05-11T11:13:27","date_gmt":"2016-05-11T14:13:27","guid":{"rendered":"http:\/\/www.rieles.com\/front\/?p=43131"},"modified":"2016-05-11T11:13:27","modified_gmt":"2016-05-11T14:13:27","slug":"el-gobierno-porteno-confirmo-que-el-aumento-en-el-subte-se-va-a-demorar-al-menos-un-mes","status":"publish","type":"post","link":"https:\/\/www.rieles.com\/front\/el-gobierno-porteno-confirmo-que-el-aumento-en-el-subte-se-va-a-demorar-al-menos-un-mes\/","title":{"rendered":"El gobierno porte\u00f1o confirm\u00f3 que el aumento en el subte se va a demorar \u00abal menos un mes\u00bb"},"content":{"rendered":"<p>El gobierno porte\u00f1o confirm\u00f3 hoy que el aumento en la tarifa del subte, que estaba previsto para el 1 de junio, se va a demorar \u00abal menos un mes\u00bb, a ra\u00edz del fallo judicial que orden\u00f3 postergar la audiencia p\u00fablica para tratar el incremento.<\/p>\n<p>La jueza Elena Liberatori fren\u00f3 la audiencia p\u00fablica que deb\u00eda tratar tanto la tarifa t\u00e9cnica como la tarifa al usuario del subte, al hacer lugar a un planteo del legislador porte\u00f1o Gustavo Vera, quien advirti\u00f3 que la convocatoria no respet\u00f3 los plazos, publicidad y acceso a la informaci\u00f3n.<\/p>\n<p>\u00abEl aumento se postergar\u00e1 por lo menos un mes\u00bb, dijo hoy Juan Pablo Piccardo, presidente de Subterr\u00e1neos de Buenos Aires (Sbase).<\/p>\n<p>\u00abA\u00fan no esta definida la nueva fecha de audiencia, creemos que ser\u00e1 para la primer semana de junio\u00bb, estim\u00f3 en declaraciones a Radio 10.<\/p>\n<p>El funcionario porte\u00f1o afirm\u00f3 que se postergar\u00e1 porque una vez que se realice la audiencia, se abre un proceso de recopilaci\u00f3n de datos por parte del Ente de Regulaci\u00f3n de Servicios P\u00fablicos, que demora \u00abunos 15 o 20 d\u00edas\u00bb.<\/p>\n<p>Piccardo cuestion\u00f3 el plante\u00f3 del diputado Vera, al asegurar que se cumplieron \u00abtodos los pasos de llamado, de publicaci\u00f3n en el bolet\u00edn oficial y publicando tambi\u00e9n toda la informaci\u00f3n \u00fatil que se va a tratar\u00bb.<\/p>\n<p>La audiencia p\u00fablica que iba a tratar el incremento en la tarifa del servicio de subte estaba prevista para el 6 de mayo, pero debi\u00f3 ser postergada por la resoluci\u00f3n de la jueza Liberatori.<\/p>\n<p>Piccardo defendi\u00f3 la suba de la tarifa del subte de 4,50 a 7,50 pesos desde el junio, con el argumento de que \u00aben los \u00faltimos dos a\u00f1os no hubo modificaci\u00f3n tarifaria\u00bb. El funcionario dijo que \u00abhay gente a la que le va a costar pagar\u00bb el incremento, por lo que inform\u00f3 que se mantendr\u00e1 una tarifa social que en la actualidad beneficia a unas 100.000 personas y que va a costar 4 pesos.<\/p>\n<p><a href=\"http:\/\/www.lanacion.com.ar\/1897365-el-gobierno-porteno-confirmo-que-el-aumento-en-el-subte-se-va-a-demorar-al-menos-un-mes\">La Naci\u00f3n<\/a><\/p>\n","protected":false},"excerpt":{"rendered":"<p>El gobierno porte\u00f1o confirm\u00f3 hoy que el aumento en la tarifa del subte, que estaba previsto para el 1 de junio, se va a demorar \u00abal menos un mes\u00bb, a ra\u00edz del fallo judicial que orden\u00f3 postergar la audiencia p\u00fablica para tratar el incremento. La jueza Elena Liberatori fren\u00f3 la audiencia p\u00fablica que deb\u00eda tratar [&hellip;]<\/p>\n","protected":false},"author":1,"featured_media":0,"comment_status":"closed","ping_status":"open","sticky":false,"template":"","format":"standard","meta":{"footnotes":""},"categories":[4,2],"tags":[9105,9644],"class_list":["post-43131","post","type-post","status-publish","format-standard","category-nacionales","category-noticias","tag-actualidad","tag-news"],"_links":{"self":[{"href":"https:\/\/www.rieles.com\/front\/wp-json\/wp\/v2\/posts\/43131","targetHints":{"allow":["GET"]}}],"collection":[{"href":"https:\/\/www.rieles.com\/front\/wp-json\/wp\/v2\/posts"}],"about":[{"href":"https:\/\/www.rieles.com\/front\/wp-json\/wp\/v2\/types\/post"}],"author":[{"embeddable":true,"href":"https:\/\/www.rieles.com\/front\/wp-json\/wp\/v2\/users\/1"}],"replies":[{"embeddable":true,"href":"https:\/\/www.rieles.com\/front\/wp-json\/wp\/v2\/comments?post=43131"}],"version-history":[{"count":1,"href":"https:\/\/www.rieles.com\/front\/wp-json\/wp\/v2\/posts\/43131\/revisions"}],"predecessor-version":[{"id":43132,"href":"https:\/\/www.rieles.com\/front\/wp-json\/wp\/v2\/posts\/43131\/revisions\/43132"}],"wp:attachment":[{"href":"https:\/\/www.rieles.com\/front\/wp-json\/wp\/v2\/media?parent=43131"}],"wp:term":[{"taxonomy":"category","embeddable":true,"href":"https:\/\/www.rieles.com\/front\/wp-json\/wp\/v2\/categories?post=43131"},{"taxonomy":"post_tag","embeddable":true,"href":"https:\/\/www.rieles.com\/front\/wp-json\/wp\/v2\/tags?post=43131"}],"curies":[{"name":"wp","href":"https:\/\/api.w.org\/{rel}","templated":true}]}}