{"id":43133,"date":"2016-05-11T11:15:54","date_gmt":"2016-05-11T14:15:54","guid":{"rendered":"http:\/\/www.rieles.com\/front\/?p=43133"},"modified":"2016-05-11T11:16:11","modified_gmt":"2016-05-11T14:16:11","slug":"en-el-chaco-comenzo-la-campana-por-la-recuperacion-de-los-ferrocarriles","status":"publish","type":"post","link":"https:\/\/www.rieles.com\/front\/en-el-chaco-comenzo-la-campana-por-la-recuperacion-de-los-ferrocarriles\/","title":{"rendered":"En el Chaco comenz\u00f3 la campa\u00f1a por la recuperaci\u00f3n de los ferrocarriles"},"content":{"rendered":"<p>Los conductores chaque\u00f1os adheridos al gremio La Fraternidad se sumaron a la campa\u00f1a nacional cuyo objetivo es juntar firmas por la recuperaci\u00f3n de los ferrocarriles. \u201cNo perdamos el tren\u201d, es el lema de la campa\u00f1a.<\/p>\n<p>trabajadores instalaron una mesa para que la ciudadan\u00eda les brinde su apoyo y tambi\u00e9n se traslad\u00f3 al interior provincial en las localidades de General Obligado, La Sabana, Cotelai, Charadai, Los Amores y Presidencia Roque S\u00e1enz Pe\u00f1a.<br \/>\nEl malestar de los empleados se relaciona con los siguientes puntos: se paralizaron las obras de renovaci\u00f3n y recuperaci\u00f3n de v\u00edas; se suprimen los servicios en el Gran Buenos Aires; se transfieren los trenes a las provincias y se intentan municipalizarlos; intentan deshacerse de los trenes en beneficio de otros modos de transporte. La campa\u00f1a finaliza el jueves. Luego el gremio local viajar\u00e1 a Buenos Aires para hacer entrega de las planillas de firmas que se recolectaron en Resistencia.<\/p>\n<p>La situaci\u00f3n en el Chaco<\/p>\n<p>Abel Alaio, secretario general de la seccional Chaco de La Fraternidad, dialog\u00f3 con NORTE y precis\u00f3 que actualmente los conductores de locomotoras pertenecientes a la empresa Sofse son 23 mientras que el personal completo llega a 30.<\/p>\n<p>El dirigente gremial dijo que la principal preocupaci\u00f3n del sector es mantener las fuentes d trabajo ya que los comentarios en torno al sector son desalentadores. \u201cLos comentarios son feos, nos dicen que esto cierra (la empresa) o que va a pasar a la provincia\u201d, se\u00f1al\u00f3 Alaio. En \u00e9ste orden, consultado sobre el traspaso de la empresa Sofse a la \u00f3rbita del Gobierno provincial ya anunciado por el propio gobernador, Domingo Peppo, el dirigente aclar\u00f3 que \u201cno est\u00e1n enterados de esto\u201d.<\/p>\n<p>Servicio metropolitano suspendido<\/p>\n<p>El ramal metropolitano que abarca Puerto Tirol y Puerto Vilelas est\u00e1 suspendido hace m\u00e1s de quince d\u00edas por el reemplazo de la dupla que prestaba el servicio Resistencia-Los Amores que se averi\u00f3. Alaio confirm\u00f3 que dicho ramal sigue suspendido. Y en este sentido, plante\u00f3 que esto muestra la falta de inversi\u00f3n por parte del Estado y justamente el gremio pide que esta situaci\u00f3n se revierta.<\/p>\n<p><a href=\"http:\/\/www.diarionorte.com\/article\/137191\/en-el-chaco-comenzo-la-campana-por-la-recuperacion-de-los-ferrocarriles\">Diario Norte<\/a><\/p>\n","protected":false},"excerpt":{"rendered":"<p>Los conductores chaque\u00f1os adheridos al gremio La Fraternidad se sumaron a la campa\u00f1a nacional cuyo objetivo es juntar firmas por la recuperaci\u00f3n de los ferrocarriles. \u201cNo perdamos el tren\u201d, es el lema de la campa\u00f1a. trabajadores instalaron una mesa para que la ciudadan\u00eda les brinde su apoyo y tambi\u00e9n se traslad\u00f3 al interior provincial en [&hellip;]<\/p>\n","protected":false},"author":1,"featured_media":43134,"comment_status":"closed","ping_status":"open","sticky":false,"template":"","format":"standard","meta":{"footnotes":""},"categories":[4,2],"tags":[9105,9644],"class_list":["post-43133","post","type-post","status-publish","format-standard","has-post-thumbnail","category-nacionales","category-noticias","tag-actualidad","tag-news"],"_links":{"self":[{"href":"https:\/\/www.rieles.com\/front\/wp-json\/wp\/v2\/posts\/43133","targetHints":{"allow":["GET"]}}],"collection":[{"href":"https:\/\/www.rieles.com\/front\/wp-json\/wp\/v2\/posts"}],"about":[{"href":"https:\/\/www.rieles.com\/front\/wp-json\/wp\/v2\/types\/post"}],"author":[{"embeddable":true,"href":"https:\/\/www.rieles.com\/front\/wp-json\/wp\/v2\/users\/1"}],"replies":[{"embeddable":true,"href":"https:\/\/www.rieles.com\/front\/wp-json\/wp\/v2\/comments?post=43133"}],"version-history":[{"count":2,"href":"https:\/\/www.rieles.com\/front\/wp-json\/wp\/v2\/posts\/43133\/revisions"}],"predecessor-version":[{"id":43136,"href":"https:\/\/www.rieles.com\/front\/wp-json\/wp\/v2\/posts\/43133\/revisions\/43136"}],"wp:featuredmedia":[{"embeddable":true,"href":"https:\/\/www.rieles.com\/front\/wp-json\/wp\/v2\/media\/43134"}],"wp:attachment":[{"href":"https:\/\/www.rieles.com\/front\/wp-json\/wp\/v2\/media?parent=43133"}],"wp:term":[{"taxonomy":"category","embeddable":true,"href":"https:\/\/www.rieles.com\/front\/wp-json\/wp\/v2\/categories?post=43133"},{"taxonomy":"post_tag","embeddable":true,"href":"https:\/\/www.rieles.com\/front\/wp-json\/wp\/v2\/tags?post=43133"}],"curies":[{"name":"wp","href":"https:\/\/api.w.org\/{rel}","templated":true}]}}