{"id":43775,"date":"2016-05-23T11:25:56","date_gmt":"2016-05-23T14:25:56","guid":{"rendered":"http:\/\/www.rieles.com\/front\/?p=43775"},"modified":"2016-05-23T12:39:48","modified_gmt":"2016-05-23T15:39:48","slug":"logistica-empezaron-las-obras-en-el-aeropuerto-de-tucuman-para-duplicar-exportaciones","status":"publish","type":"post","link":"https:\/\/www.rieles.com\/front\/logistica-empezaron-las-obras-en-el-aeropuerto-de-tucuman-para-duplicar-exportaciones\/","title":{"rendered":"Log\u00edstica: Empezaron las obras en el aeropuerto de Tucuman para duplicar exportaciones"},"content":{"rendered":"<p>Las obras iniciadas por el Ministerio de Transporte de la Naci\u00f3n apuntan a mejorar la capacidad de la carga a\u00e9rea en el aeropuerto de Tucum\u00e1n, que es el segundo aeropuerto exportador del pa\u00eds. Se busca duplicar la exportaci\u00f3n de frutas frescas y favorecer de este modo a las econom\u00edas regionales, generando mayor empleo y desarrollo.<\/p>\n<p>El Ministerio de Transporte de la Naci\u00f3n, a trav\u00e9s del Organismo Regulador del Sistema Nacional de Aeropuertos (ORSNA), inici\u00f3 hoy las obras de ampliaci\u00f3n de la plataforma comercial del aeropuerto de la capital tucumana, que apuntan a incrementar el transporte a\u00e9reo de carga. Como resultado, los aviones de gran porte podr\u00e1n operar sin restricciones, durante las 24hs, y en forma simult\u00e1nea con los vuelos comerciales y sanitarios. Adem\u00e1s, se realizar\u00e1n mejoras en las calles que vinculan la plataforma con el sector de cargas donde se almacena la fruta.<\/p>\n<p>Las obras tendr\u00e1n un impacto directo en la actividad comercial de la regi\u00f3n, duplicando el nivel de exportaci\u00f3n de frutas frescas. Adem\u00e1s, el 80% del costo del producto exportado se traduce en mano de obra, por lo que se espera alcanzar unos 20.000 puestos de empleo.<\/p>\n<p>En el marco del Plan Belgrano, que busca revertir con inversiones la deuda hist\u00f3rica que el Estado tiene con el norte argentino, la nueva plataforma supone una inversi\u00f3n de $150 mil millones de pesos. Se calcula que las obras estar\u00e1n finalizadas para los tiempos de cosecha. As\u00ed lo defini\u00f3 el ministro Guillermo Dietrich que, luego de su paso por la ciudad, reuni\u00f3 en una mesa de trabajo a autoridades provinciales, compa\u00f1\u00edas a\u00e9reas y empresas de log\u00edstica y carga de la terminal aeroportuaria, para terminar de definir las obras complementarias y la operaci\u00f3n dentro de la nueva plataforma.<\/p>\n<p>\u201cEstamos d\u00e1ndole al Norte infraestructura que traer\u00e1 mayor productividad, desarrollo y empleo. De esto se trata el Plan Belgrano, plan de reparaci\u00f3n hist\u00f3rica para la regi\u00f3n, que busca una Argentina verdaderamente federal, m\u00e1s unida y con pobreza cero.\u201d \u2013 Guillermo Dietrich, ministro de Transporte de la Naci\u00f3n.<\/p>\n<p>El aeropuerto recibir\u00e1 en 2017 otros $350 mil millones de pesos para mejoras en la pista del aeropuerto y para la renovaci\u00f3n integral de la terminal de pasajeros.<\/p>\n<p><span style=\"color: #ff0000;\">Gacetilla<\/span><\/p>\n","protected":false},"excerpt":{"rendered":"<p>Las obras iniciadas por el Ministerio de Transporte de la Naci\u00f3n apuntan a mejorar la capacidad de la carga a\u00e9rea en el aeropuerto de Tucum\u00e1n, que es el segundo aeropuerto exportador del pa\u00eds. Se busca duplicar la exportaci\u00f3n de frutas frescas y favorecer de este modo a las econom\u00edas regionales, generando mayor empleo y desarrollo. [&hellip;]<\/p>\n","protected":false},"author":1,"featured_media":43776,"comment_status":"closed","ping_status":"open","sticky":false,"template":"","format":"standard","meta":{"footnotes":""},"categories":[13067,2],"tags":[9644],"class_list":{"0":"post-43775","1":"post","2":"type-post","3":"status-publish","4":"format-standard","5":"has-post-thumbnail","7":"category-logistica","8":"category-noticias","9":"tag-news"},"_links":{"self":[{"href":"https:\/\/www.rieles.com\/front\/wp-json\/wp\/v2\/posts\/43775","targetHints":{"allow":["GET"]}}],"collection":[{"href":"https:\/\/www.rieles.com\/front\/wp-json\/wp\/v2\/posts"}],"about":[{"href":"https:\/\/www.rieles.com\/front\/wp-json\/wp\/v2\/types\/post"}],"author":[{"embeddable":true,"href":"https:\/\/www.rieles.com\/front\/wp-json\/wp\/v2\/users\/1"}],"replies":[{"embeddable":true,"href":"https:\/\/www.rieles.com\/front\/wp-json\/wp\/v2\/comments?post=43775"}],"version-history":[{"count":1,"href":"https:\/\/www.rieles.com\/front\/wp-json\/wp\/v2\/posts\/43775\/revisions"}],"predecessor-version":[{"id":43777,"href":"https:\/\/www.rieles.com\/front\/wp-json\/wp\/v2\/posts\/43775\/revisions\/43777"}],"wp:featuredmedia":[{"embeddable":true,"href":"https:\/\/www.rieles.com\/front\/wp-json\/wp\/v2\/media\/43776"}],"wp:attachment":[{"href":"https:\/\/www.rieles.com\/front\/wp-json\/wp\/v2\/media?parent=43775"}],"wp:term":[{"taxonomy":"category","embeddable":true,"href":"https:\/\/www.rieles.com\/front\/wp-json\/wp\/v2\/categories?post=43775"},{"taxonomy":"post_tag","embeddable":true,"href":"https:\/\/www.rieles.com\/front\/wp-json\/wp\/v2\/tags?post=43775"}],"curies":[{"name":"wp","href":"https:\/\/api.w.org\/{rel}","templated":true}]}}