{"id":44947,"date":"2016-06-15T14:55:06","date_gmt":"2016-06-15T17:55:06","guid":{"rendered":"http:\/\/www.rieles.com\/front\/?p=44947"},"modified":"2016-06-15T15:58:27","modified_gmt":"2016-06-15T18:58:27","slug":"la-vuelta-del-tren-esta-mas-cerca-sin-fecha-pero-con-avances-en-seis-frentes-de-obra","status":"publish","type":"post","link":"https:\/\/www.rieles.com\/front\/la-vuelta-del-tren-esta-mas-cerca-sin-fecha-pero-con-avances-en-seis-frentes-de-obra\/","title":{"rendered":"La vuelta del tren est\u00e1 m\u00e1s cerca: sin fecha, pero con avances en seis frentes de obra"},"content":{"rendered":"<p>Mar del Plata.-<\/p>\n<p>Aunque se dilata el retorno del servicio ferroviario entre la ciudad de Buenos Aires y Mar del Plata, desde Ferrobaires confirmaron que en unos 30 d\u00edas estar\u00e1n listas gran parte de las refacciones necesarias, pero descartaron su habilitaci\u00f3n para vacaciones de invierno.<\/p>\n<p>El final del invierno, o m\u00e1s bien la llegada de la primavera, podr\u00edan no s\u00f3lo traer algo de sol a Mar del Plata, tambi\u00e9n al hist\u00f3rico tren de estaci\u00f3n Constituci\u00f3n, en el sur porte\u00f1o.<\/p>\n<p>La referencia a los meses de agosto o septiembre es hipot\u00e9tica, ya que tiene relaci\u00f3n \u00fanicamente con los tiempos estimados por Ferrobaires para la finalizaci\u00f3n de los seis frentes de trabajo actuales: treinta d\u00edas.<\/p>\n<p>La empresa, consultada espec\u00edficamente por esas fechas previstas para la conclusi\u00f3n de las obras, descart\u00f3 de todos modos que el servicio pueda retornar para el inicio de las vacaciones de invierno.<\/p>\n<p>Sin fechas oficiales para difundir, lo que s\u00ed adelantaron desde la compa\u00f1\u00eda es que una vez concretado el cierre de los trabajos, no deber\u00edan existir m\u00e1s demoras para que el tren vuelva a circular ni necesidad de realizar mayores pruebas.<\/p>\n<p>Tal como lo anticip\u00f3 0223 en abril pasado, lo que queda por hacer en el ya famoso puente del R\u00edo Salado es unir las v\u00edas. As\u00ed lo reconfirmaron las fuentes consultadas, que describieron adem\u00e1s la continuidad en paralelo de otras tareas sobre la red ferroviaria en las localidades de Chascom\u00fas, Lezama, Castelli y Vivorat\u00e1.<\/p>\n<p>Al citar los dichos del intendente Arroyo, que habl\u00f3 de problemas en miles de durmientes utilizados en la inconclusa renovaci\u00f3n de las v\u00edas, desde Ferrobaires sugirieron que la demora en la habilitaci\u00f3n del servicio se debi\u00f3, fundamentalmente, a la paralizaci\u00f3n de los trabajos acontecida por los cambios de gobierno.<\/p>\n<p><a href=\"http:\/\/www.0223.com.ar\/nota\/2016-6-14-la-vuelta-del-tren-esta-mas-cerca-sin-fecha-pero-con-avances-en-seis-frentes-de-obra\">0233<\/a><\/p>\n","protected":false},"excerpt":{"rendered":"<p>Mar del Plata.- Aunque se dilata el retorno del servicio ferroviario entre la ciudad de Buenos Aires y Mar del Plata, desde Ferrobaires confirmaron que en unos 30 d\u00edas estar\u00e1n listas gran parte de las refacciones necesarias, pero descartaron su habilitaci\u00f3n para vacaciones de invierno. El final del invierno, o m\u00e1s bien la llegada de [&hellip;]<\/p>\n","protected":false},"author":1,"featured_media":0,"comment_status":"closed","ping_status":"open","sticky":false,"template":"","format":"standard","meta":{"footnotes":""},"categories":[4,2],"tags":[10855,9105,9644],"class_list":{"0":"post-44947","1":"post","2":"type-post","3":"status-publish","4":"format-standard","6":"category-nacionales","7":"category-noticias","8":"tag-10855","9":"tag-actualidad","10":"tag-news"},"_links":{"self":[{"href":"https:\/\/www.rieles.com\/front\/wp-json\/wp\/v2\/posts\/44947","targetHints":{"allow":["GET"]}}],"collection":[{"href":"https:\/\/www.rieles.com\/front\/wp-json\/wp\/v2\/posts"}],"about":[{"href":"https:\/\/www.rieles.com\/front\/wp-json\/wp\/v2\/types\/post"}],"author":[{"embeddable":true,"href":"https:\/\/www.rieles.com\/front\/wp-json\/wp\/v2\/users\/1"}],"replies":[{"embeddable":true,"href":"https:\/\/www.rieles.com\/front\/wp-json\/wp\/v2\/comments?post=44947"}],"version-history":[{"count":1,"href":"https:\/\/www.rieles.com\/front\/wp-json\/wp\/v2\/posts\/44947\/revisions"}],"predecessor-version":[{"id":44948,"href":"https:\/\/www.rieles.com\/front\/wp-json\/wp\/v2\/posts\/44947\/revisions\/44948"}],"wp:attachment":[{"href":"https:\/\/www.rieles.com\/front\/wp-json\/wp\/v2\/media?parent=44947"}],"wp:term":[{"taxonomy":"category","embeddable":true,"href":"https:\/\/www.rieles.com\/front\/wp-json\/wp\/v2\/categories?post=44947"},{"taxonomy":"post_tag","embeddable":true,"href":"https:\/\/www.rieles.com\/front\/wp-json\/wp\/v2\/tags?post=44947"}],"curies":[{"name":"wp","href":"https:\/\/api.w.org\/{rel}","templated":true}]}}