{"id":46350,"date":"2016-07-14T12:01:57","date_gmt":"2016-07-14T15:01:57","guid":{"rendered":"http:\/\/www.rieles.com\/front\/?p=46350"},"modified":"2016-07-14T12:01:57","modified_gmt":"2016-07-14T15:01:57","slug":"espana-un-crucero-de-lujo-en-tren-por-la-comarca","status":"publish","type":"post","link":"https:\/\/www.rieles.com\/front\/espana-un-crucero-de-lujo-en-tren-por-la-comarca\/","title":{"rendered":"Espa\u00f1a: Un crucero de lujo en tren por la comarca"},"content":{"rendered":"<p><span style=\"color: #999999;\">Foto: To\u00f1o Parga<\/span><\/p>\n<p>La Ribeira Sacra recibe, por tercer a\u00f1o consecutivo, el Al Andalus, en el que viaja una veintena de personas, en su mayor\u00eda extranjeros. Tras pasar la noche en Monforte, visitaron los vi\u00f1edos de la subzona de Amandi.<\/p>\n<p>Uno de los trenes m\u00e1s lujosos del mundo, el Al Andalus, recal\u00f3 por tercera vez en la Ribeira Sacra. En los dos a\u00f1os anteriores lo hizo como Al Andalus, sin apellido, pero ahora se denomina Al Andalus Cami\u00f1o de Santiago. El convoy, con una veintena de pasajeros, nada menos que 17 vagones y tres m\u00e1quinas, conforma en su totalidad un tren de 405 metros de largo que sobrepasa con creces la longitud del frente de la estaci\u00f3n de Monforte.<br \/>\nEs como un crucero sobre ra\u00edles que cada noche recala en una estaci\u00f3n diferente. Lleg\u00f3 a \u00faltima hora del lunes a la ciudad del Cabe, procedente de Madrid. En la terminal monfortina hizo noche y en su vag\u00f3n piano bar, el que lleva el nombre de Giralda, hubo una fiesta animada por un mago que se prolong\u00f3 hasta pasadas las tres de la ma\u00f1ana, aunque varias personas siguieron de juerga m\u00e1s horas.<br \/>\nEl Al Andalus Cami\u00f1o de Santiago despert\u00f3 poco antes de las ocho de la ma\u00f1ana de ayer, en el momento en que empezaron a funcionar las cocinas para preparar el desayuno. Media hora despu\u00e9s, estaba todo en su perfecto estado de revista. Servicio a la carta, personalizado o libre, con todo tipo de propuestas.<br \/>\nA LAS BODEGAS. Con la pilas cargadas, la veintena de personas que viajaba en el tren, m\u00e1s la docena de personal de asistencia &#8211; entre cocineros, camareros y ayudantes- emprendi\u00f3 un viaje en autocar, tambi\u00e9n de lujo, desde la estaci\u00f3n monfortina hacia una de las zonas m\u00e1s representativas de la Ribeira Sacra, la de los vi\u00f1edos de Amandi.<br \/>\nLa expedici\u00f3n, formada especialmente por belgas, turcos, ingleses, franceses y suramericanos, as\u00ed como algunos espa\u00f1oles, estuvo en la bodega Regina Viarum, donde adem\u00e1s realiz\u00f3 un viaje en el tren tur\u00edstico.<br \/>\n\u00abLa verdad es que fue una gran experiencia. No me esperaba ver unas bodegas de esta \u00edndole en esta parte de Galicia, porque presupon\u00eda que no ten\u00eda tal porte. Tampoco me imaginaba que los vi\u00f1edos fuesen tan pendientes. Ten\u00eda informaci\u00f3n, pero da miedo verlos\u00bb, dijo uno de los miembros del personal del Al Andalus.<br \/>\nEl emblem\u00e1tico tren, que en su composici\u00f3n incluye vagones hechos en Francia para los desplazamientos de la nobleza inglesa entre Calais y la Costa Azul en tiempos de la Belle \u00c9poque, parti\u00f3 ayer de la ciudad del Cabe a mediod\u00eda para llegar a las 13.00 horas al apeadero de Santo Estevo. Unos 20 minutos despu\u00e9s los viajeros com\u00edan en el parador nacional y hac\u00edan otra ruta por la subzona de Amandi.<br \/>\nQUEIMADA. Al finalizar, viajeros y tripulaci\u00f3n fueron hasta la estaci\u00f3n de Ourense en autocar para pernoctar en el tren. Antes de entrar en el Al Andalus, un grupo de gaiteiros les ofreci\u00f3 un recital. Posteriormente hubo una queimada, con toda una representaci\u00f3n sobre el acto.<br \/>\nEl viaje contin\u00faa este mi\u00e9rcoles hacia Pontevedra y este jueves seguir\u00e1 hacia a A Coru\u00f1a. Luego llegar\u00e1 a Santiago. En esos puntos hay varias excursiones en las que los viajeros aprovechar\u00e1n para acudir a restaurantes de significados chefs, a pesar de que en el Al Andalus tienen gran experiencia en el manejo de los fogones. Algunos de esos chefs trabajaron en restaurantes con estrellas Michel\u00edn y por eso son conocedores de lo m\u00e1s representativo de la cocina gallega.<br \/>\nAlgunos ferroviarios que estuvieron en la estaci\u00f3n monfortina para atender la entrada y salida del Al Andalus coincidieron en decir que el servicio es \u00abal detalle, de lujo, con 17 vagones para 20 personas\u00bb, pero lamentaron que el convoy no fuese lleno. \u00abVemos que estos trenes son factibles siempre y cuando vengan con gente, no con la tercera parte de sus posibilidades. Esto no es rentable, aunque sean de lujo, y alguien deber\u00eda decir algo o tomar medidas. No creemos que cubran el coste\u00bb, recalcaron los ferroviarios.<\/p>\n<p>Autor: Javier Quiroga<\/p>\n<p>Fuente: <a href=\"http:\/\/elprogreso.galiciae.com\/noticia\/571425\/un-crucero-de-lujo-en-tren-por-la-comarca\">El Progreso<\/a><\/p>\n","protected":false},"excerpt":{"rendered":"<p>Foto: To\u00f1o Parga La Ribeira Sacra recibe, por tercer a\u00f1o consecutivo, el Al Andalus, en el que viaja una veintena de personas, en su mayor\u00eda extranjeros. Tras pasar la noche en Monforte, visitaron los vi\u00f1edos de la subzona de Amandi. Uno de los trenes m\u00e1s lujosos del mundo, el Al Andalus, recal\u00f3 por tercera vez [&hellip;]<\/p>\n","protected":false},"author":1,"featured_media":46351,"comment_status":"closed","ping_status":"open","sticky":false,"template":"","format":"standard","meta":{"footnotes":""},"categories":[5,2],"tags":[9644],"class_list":["post-46350","post","type-post","status-publish","format-standard","has-post-thumbnail","category-internacionales","category-noticias","tag-news"],"_links":{"self":[{"href":"https:\/\/www.rieles.com\/front\/wp-json\/wp\/v2\/posts\/46350","targetHints":{"allow":["GET"]}}],"collection":[{"href":"https:\/\/www.rieles.com\/front\/wp-json\/wp\/v2\/posts"}],"about":[{"href":"https:\/\/www.rieles.com\/front\/wp-json\/wp\/v2\/types\/post"}],"author":[{"embeddable":true,"href":"https:\/\/www.rieles.com\/front\/wp-json\/wp\/v2\/users\/1"}],"replies":[{"embeddable":true,"href":"https:\/\/www.rieles.com\/front\/wp-json\/wp\/v2\/comments?post=46350"}],"version-history":[{"count":1,"href":"https:\/\/www.rieles.com\/front\/wp-json\/wp\/v2\/posts\/46350\/revisions"}],"predecessor-version":[{"id":46352,"href":"https:\/\/www.rieles.com\/front\/wp-json\/wp\/v2\/posts\/46350\/revisions\/46352"}],"wp:featuredmedia":[{"embeddable":true,"href":"https:\/\/www.rieles.com\/front\/wp-json\/wp\/v2\/media\/46351"}],"wp:attachment":[{"href":"https:\/\/www.rieles.com\/front\/wp-json\/wp\/v2\/media?parent=46350"}],"wp:term":[{"taxonomy":"category","embeddable":true,"href":"https:\/\/www.rieles.com\/front\/wp-json\/wp\/v2\/categories?post=46350"},{"taxonomy":"post_tag","embeddable":true,"href":"https:\/\/www.rieles.com\/front\/wp-json\/wp\/v2\/tags?post=46350"}],"curies":[{"name":"wp","href":"https:\/\/api.w.org\/{rel}","templated":true}]}}