{"id":46535,"date":"2016-07-18T12:13:52","date_gmt":"2016-07-18T15:13:52","guid":{"rendered":"http:\/\/www.rieles.com\/front\/?p=46535"},"modified":"2016-07-18T12:13:52","modified_gmt":"2016-07-18T15:13:52","slug":"daniel-oxandaberro-visito-los-trabajos-en-las-vias-del-ferrocarril-sarmiento","status":"publish","type":"post","link":"https:\/\/www.rieles.com\/front\/daniel-oxandaberro-visito-los-trabajos-en-las-vias-del-ferrocarril-sarmiento\/","title":{"rendered":"Daniel Oxandaberro visit\u00f3 los trabajos en las v\u00edas del ferrocarril Sarmiento"},"content":{"rendered":"<p>El dirigente de Cambiemos recorri\u00f3 el obrador que permitir\u00e1 el regreso del servicio de trenes del Sarmiento.<\/p>\n<p>Las obras en el puente La Clarita, sobre el partido de Alberti, comenzaron en el mes de junio, despu\u00e9s de que en agosto del 2015, un tren de pasajeros, que cubr\u00eda el trayecto Once-General Pico, quedara varado al ceder el puente producto de las inundaciones. Consultado Daniel Oxandaberro -hombre de confianza del Secretario del Ministro del interior Sebasti\u00e1n Garc\u00eda De Luca-, sobre el estado de las obras, asegur\u00f3: \u00abLas obras est\u00e1n avanzando en tiempo y forma, se espera que el tiempo acompa\u00f1e y se puedan finalizar cuanto antes con esta obra tan importante y que Sebasti\u00e1n quiere que se finalice lo antes posible, de all\u00ed sus gestiones para que se concrete\u201d. As\u00ed mismo expres\u00f3 el dirigente chivilcoyano, que lleg\u00f3 al lugar en compa\u00f1\u00eda de otros integrantes de Cambiemos Chivilcoy, como el concejal ingeniero Guillermo S\u00e1nchez y su hijo Brian Oxandaberro, expres\u00f3 que \u00abuna vez finalizadas estas obras, se comenzar\u00e1 a trabajar en la reparaci\u00f3n del puente del Salado, continuando con el cronograma proyectado de obras del ferrocarril y de esa forma, poder llevar a la gente la alegr\u00eda de la vuelta del tren, entendiendo lo importante que es este medio de transporte, y el impacto que provoca en las ciudades no poder contar con este servicio\u201d.<\/p>\n<p>Fuente: <a href=\"http:\/\/www.larazondechivilcoy.com.ar\/locales\/2016\/7\/17\/daniel-oxandaberro-visito-trabajos-vias-ferrocarril-sarmiento-78244.html\">La Raz\u00f3n de Chivilcoy<\/a><\/p>\n","protected":false},"excerpt":{"rendered":"<p>El dirigente de Cambiemos recorri\u00f3 el obrador que permitir\u00e1 el regreso del servicio de trenes del Sarmiento. Las obras en el puente La Clarita, sobre el partido de Alberti, comenzaron en el mes de junio, despu\u00e9s de que en agosto del 2015, un tren de pasajeros, que cubr\u00eda el trayecto Once-General Pico, quedara varado al [&hellip;]<\/p>\n","protected":false},"author":1,"featured_media":46536,"comment_status":"closed","ping_status":"open","sticky":false,"template":"","format":"standard","meta":{"footnotes":""},"categories":[4,2],"tags":[9105,9644,10647],"class_list":{"0":"post-46535","1":"post","2":"type-post","3":"status-publish","4":"format-standard","5":"has-post-thumbnail","7":"category-nacionales","8":"category-noticias","9":"tag-actualidad","10":"tag-news","11":"tag-newsa"},"_links":{"self":[{"href":"https:\/\/www.rieles.com\/front\/wp-json\/wp\/v2\/posts\/46535","targetHints":{"allow":["GET"]}}],"collection":[{"href":"https:\/\/www.rieles.com\/front\/wp-json\/wp\/v2\/posts"}],"about":[{"href":"https:\/\/www.rieles.com\/front\/wp-json\/wp\/v2\/types\/post"}],"author":[{"embeddable":true,"href":"https:\/\/www.rieles.com\/front\/wp-json\/wp\/v2\/users\/1"}],"replies":[{"embeddable":true,"href":"https:\/\/www.rieles.com\/front\/wp-json\/wp\/v2\/comments?post=46535"}],"version-history":[{"count":1,"href":"https:\/\/www.rieles.com\/front\/wp-json\/wp\/v2\/posts\/46535\/revisions"}],"predecessor-version":[{"id":46537,"href":"https:\/\/www.rieles.com\/front\/wp-json\/wp\/v2\/posts\/46535\/revisions\/46537"}],"wp:featuredmedia":[{"embeddable":true,"href":"https:\/\/www.rieles.com\/front\/wp-json\/wp\/v2\/media\/46536"}],"wp:attachment":[{"href":"https:\/\/www.rieles.com\/front\/wp-json\/wp\/v2\/media?parent=46535"}],"wp:term":[{"taxonomy":"category","embeddable":true,"href":"https:\/\/www.rieles.com\/front\/wp-json\/wp\/v2\/categories?post=46535"},{"taxonomy":"post_tag","embeddable":true,"href":"https:\/\/www.rieles.com\/front\/wp-json\/wp\/v2\/tags?post=46535"}],"curies":[{"name":"wp","href":"https:\/\/api.w.org\/{rel}","templated":true}]}}