{"id":46746,"date":"2016-07-21T16:51:26","date_gmt":"2016-07-21T19:51:26","guid":{"rendered":"http:\/\/www.rieles.com\/front\/?p=46746"},"modified":"2016-07-21T16:51:26","modified_gmt":"2016-07-21T19:51:26","slug":"asi-es-un-viaje-en-tren-desde-buenos-aires-a-san-pedro","status":"publish","type":"post","link":"https:\/\/www.rieles.com\/front\/asi-es-un-viaje-en-tren-desde-buenos-aires-a-san-pedro\/","title":{"rendered":"As\u00ed es un viaje en tren desde Buenos Aires a San Pedro"},"content":{"rendered":"<p><span style=\"color: #999999;\">Foto: La Opini\u00f3n<\/span><\/p>\n<p>A las 16:09 parti\u00f3 desde Retiro la formaci\u00f3n que une esa estaci\u00f3n con la de Rosario, con paradas intermedias, entre ellas, San Pedro. Lil\u00ed Berardi abord\u00f3 el tren para contar la experiencia del nuevo ferrocarril Mitre desde los propios vagones.<\/p>\n<p>Este jueves, Lili Berardi fue hasta la estaci\u00f3n de Retiro para tomar el tren que une Buenos Aires con Rosario y que tiene parada en San Pedro. Desde all\u00ed, grab\u00f3 videos con la recorrida por la estaci\u00f3n y los vagones, al tiempo que dialog\u00f3 con los pasajeros.<\/p>\n<p>El tren volvi\u00f3 a parar en San Pedro el 16 de junio pasado, con la formaci\u00f3n nueva que el Gobierno anterior puso en marcha para restablecer el servicio entre las dos ciudades m\u00e1s importantes del pa\u00eds.<\/p>\n<p>El servicio del ferrocarril Mitre sale de Retiro a las 16.00 y tiene un costo de $115 en primera y $140 en pulman.<\/p>\n<p>Vea la nota completa y los v\u00eddeos del viaje <a href=\"http:\/\/www.laopinionsemanario.com.ar\/noticia\/asi-es-un-viaje-en-tren-desde-buenos-aires-san-pedro-63959\">AQU\u00cd<\/a><\/p>\n<p>Fuente: <a href=\"http:\/\/www.laopinionsemanario.com.ar\/noticia\/asi-es-un-viaje-en-tren-desde-buenos-aires-san-pedro-63959\">La Opini\u00f3n<\/a><\/p>\n<p>&nbsp;<\/p>\n","protected":false},"excerpt":{"rendered":"<p>Foto: La Opini\u00f3n A las 16:09 parti\u00f3 desde Retiro la formaci\u00f3n que une esa estaci\u00f3n con la de Rosario, con paradas intermedias, entre ellas, San Pedro. Lil\u00ed Berardi abord\u00f3 el tren para contar la experiencia del nuevo ferrocarril Mitre desde los propios vagones. Este jueves, Lili Berardi fue hasta la estaci\u00f3n de Retiro para tomar [&hellip;]<\/p>\n","protected":false},"author":1,"featured_media":46747,"comment_status":"closed","ping_status":"open","sticky":false,"template":"","format":"standard","meta":{"footnotes":""},"categories":[4,2],"tags":[9105,9644],"class_list":{"0":"post-46746","1":"post","2":"type-post","3":"status-publish","4":"format-standard","5":"has-post-thumbnail","7":"category-nacionales","8":"category-noticias","9":"tag-actualidad","10":"tag-news"},"_links":{"self":[{"href":"https:\/\/www.rieles.com\/front\/wp-json\/wp\/v2\/posts\/46746","targetHints":{"allow":["GET"]}}],"collection":[{"href":"https:\/\/www.rieles.com\/front\/wp-json\/wp\/v2\/posts"}],"about":[{"href":"https:\/\/www.rieles.com\/front\/wp-json\/wp\/v2\/types\/post"}],"author":[{"embeddable":true,"href":"https:\/\/www.rieles.com\/front\/wp-json\/wp\/v2\/users\/1"}],"replies":[{"embeddable":true,"href":"https:\/\/www.rieles.com\/front\/wp-json\/wp\/v2\/comments?post=46746"}],"version-history":[{"count":1,"href":"https:\/\/www.rieles.com\/front\/wp-json\/wp\/v2\/posts\/46746\/revisions"}],"predecessor-version":[{"id":46748,"href":"https:\/\/www.rieles.com\/front\/wp-json\/wp\/v2\/posts\/46746\/revisions\/46748"}],"wp:featuredmedia":[{"embeddable":true,"href":"https:\/\/www.rieles.com\/front\/wp-json\/wp\/v2\/media\/46747"}],"wp:attachment":[{"href":"https:\/\/www.rieles.com\/front\/wp-json\/wp\/v2\/media?parent=46746"}],"wp:term":[{"taxonomy":"category","embeddable":true,"href":"https:\/\/www.rieles.com\/front\/wp-json\/wp\/v2\/categories?post=46746"},{"taxonomy":"post_tag","embeddable":true,"href":"https:\/\/www.rieles.com\/front\/wp-json\/wp\/v2\/tags?post=46746"}],"curies":[{"name":"wp","href":"https:\/\/api.w.org\/{rel}","templated":true}]}}