{"id":47761,"date":"2016-08-22T10:59:03","date_gmt":"2016-08-22T13:59:03","guid":{"rendered":"http:\/\/www.rieles.com\/front\/?p=47761"},"modified":"2016-08-22T10:59:03","modified_gmt":"2016-08-22T13:59:03","slug":"reclaman-la-culminacion-de-la-obra-de-electrificacion-del-tren-roca","status":"publish","type":"post","link":"https:\/\/www.rieles.com\/front\/reclaman-la-culminacion-de-la-obra-de-electrificacion-del-tren-roca\/","title":{"rendered":"Reclaman la culminaci\u00f3n de la obra de electrificaci\u00f3n del tren Roca"},"content":{"rendered":"<p><span style=\"color: #999999;\">Foto: Blanco Sobre Negro<\/span><\/p>\n<p>Este viernes por la tarde se desarroll\u00f3 en la C\u00e1mara de Diputados de la Provincia una jornada bajo el lema \u201cS\u00ed al tren\u201d en la que se solicit\u00f3 \u201cla urgente culminaci\u00f3n de las obras de mejora y electrificaci\u00f3n del ramal del Ferrocarril Roca La Plata &#8211; Constituci\u00f3n que actualmente se encuentran demoradas generando perjuicios a miles de usuarios\u201d.<\/p>\n<p>La apertura del encuentro estuvo a cargo de la diputada Valeria Amendolara que expres\u00f3 que \u201cson miles los trabajadores y estudiantes damnificados por las dilaciones en las tareas proyectadas\u201d e inst\u00f3 a las autoridades a concluir \u201cesta demanda hist\u00f3rica que acortar\u00e1 los tiempos de viaje adem\u00e1s de disminuir la contaminaci\u00f3n\u201d.<\/p>\n<p>Por su parte, el decano de la Facultad de Ingenier\u00eda de la UNLP, Marcos Actis, destac\u00f3 que \u201cel proyecto de modernizaci\u00f3n, adem\u00e1s de ser una oportunidad \u00fanica de jerarquizar el tren, recupera la actividad ferroviaria de Tolosa con la puesta en funcionamiento de los talleres en donde un centenar operarios cumplir\u00e1n tareas de mantenimiento sobre los nuevos trenes el\u00e9ctricos\u201d<\/p>\n<p>Desde la Unidad de Investigaci\u00f3n y Desarrollo en Ingenier\u00eda, a cargo de proyectar las obras de la Capital Provincial, el ingeniero Juan Francisco Bissio indic\u00f3 que \u201cs\u00f3lo el plan en marcha permitir\u00e1 que el tren llegue a La Plata en 2017\u201d y valor\u00f3 que \u201cestas obras de envergadura tienen garantizado su financiamiento por el Gobierno nacional y un cr\u00e9dito BID\u201d.<\/p>\n<p>Por su parte, el ingeniero Ram\u00f3n Galache, del Departamento de Mec\u00e1nica de la Facultad de Ingenier\u00eda, concluy\u00f3: \u201cSi realmente queremos pensar en una ciudad y un planeta sustentables, tenemos que transportar pasajeros y cargas sobre rieles, no en veh\u00edculos altamente contaminantes\u201d.<\/p>\n<p>Cabe destacar que participaron de la actividad, que tuvo lugar en el Edificio Anexo de la C\u00e1mara Baja, ediles, funcionarios municipales, representantes de los colegios profesionales y vecinos de la Ciudad.<\/p>\n<p>Fuente: <a href=\"http:\/\/infoblancosobrenegro.com\/noticias\/13829-reclaman-la-culminacion-de-la-obra-de-electrificacion-del-tren-roca\">Blanco Sobre Negro<\/a><\/p>\n","protected":false},"excerpt":{"rendered":"<p>Foto: Blanco Sobre Negro Este viernes por la tarde se desarroll\u00f3 en la C\u00e1mara de Diputados de la Provincia una jornada bajo el lema \u201cS\u00ed al tren\u201d en la que se solicit\u00f3 \u201cla urgente culminaci\u00f3n de las obras de mejora y electrificaci\u00f3n del ramal del Ferrocarril Roca La Plata &#8211; Constituci\u00f3n que actualmente se encuentran [&hellip;]<\/p>\n","protected":false},"author":1,"featured_media":47762,"comment_status":"closed","ping_status":"open","sticky":false,"template":"","format":"standard","meta":{"footnotes":""},"categories":[4,2],"tags":[9105,9644],"class_list":{"0":"post-47761","1":"post","2":"type-post","3":"status-publish","4":"format-standard","5":"has-post-thumbnail","7":"category-nacionales","8":"category-noticias","9":"tag-actualidad","10":"tag-news"},"_links":{"self":[{"href":"https:\/\/www.rieles.com\/front\/wp-json\/wp\/v2\/posts\/47761","targetHints":{"allow":["GET"]}}],"collection":[{"href":"https:\/\/www.rieles.com\/front\/wp-json\/wp\/v2\/posts"}],"about":[{"href":"https:\/\/www.rieles.com\/front\/wp-json\/wp\/v2\/types\/post"}],"author":[{"embeddable":true,"href":"https:\/\/www.rieles.com\/front\/wp-json\/wp\/v2\/users\/1"}],"replies":[{"embeddable":true,"href":"https:\/\/www.rieles.com\/front\/wp-json\/wp\/v2\/comments?post=47761"}],"version-history":[{"count":1,"href":"https:\/\/www.rieles.com\/front\/wp-json\/wp\/v2\/posts\/47761\/revisions"}],"predecessor-version":[{"id":47763,"href":"https:\/\/www.rieles.com\/front\/wp-json\/wp\/v2\/posts\/47761\/revisions\/47763"}],"wp:featuredmedia":[{"embeddable":true,"href":"https:\/\/www.rieles.com\/front\/wp-json\/wp\/v2\/media\/47762"}],"wp:attachment":[{"href":"https:\/\/www.rieles.com\/front\/wp-json\/wp\/v2\/media?parent=47761"}],"wp:term":[{"taxonomy":"category","embeddable":true,"href":"https:\/\/www.rieles.com\/front\/wp-json\/wp\/v2\/categories?post=47761"},{"taxonomy":"post_tag","embeddable":true,"href":"https:\/\/www.rieles.com\/front\/wp-json\/wp\/v2\/tags?post=47761"}],"curies":[{"name":"wp","href":"https:\/\/api.w.org\/{rel}","templated":true}]}}