{"id":47764,"date":"2016-08-22T11:04:50","date_gmt":"2016-08-22T14:04:50","guid":{"rendered":"http:\/\/www.rieles.com\/front\/?p=47764"},"modified":"2016-08-22T11:04:50","modified_gmt":"2016-08-22T14:04:50","slug":"buscan-que-la-estacion-santa-fe-de-la-linea-h-sea-nombrada-santa-fe-carlos-jauregui","status":"publish","type":"post","link":"https:\/\/www.rieles.com\/front\/buscan-que-la-estacion-santa-fe-de-la-linea-h-sea-nombrada-santa-fe-carlos-jauregui\/","title":{"rendered":"Buscan que la estaci\u00f3n Santa Fe de la l\u00ednea H sea nombrada Santa Fe-Carlos J\u00e1uregui"},"content":{"rendered":"<p><span style=\"color: #ff0000;\">CABA<\/span> &#8211;\u00a0Desde las 11 de la ma\u00f1ana se realiza una intervenci\u00f3n en la intersecci\u00f3n de las avenidas Santa Fe y Pueyrred\u00f3n en el marco de la campa\u00f1a \u00abYo apoyo #ESTACIONJAUREGUI\u00bb.<\/p>\n<p>Desde las 11 de la ma\u00f1ana en la av Santa Fe y Pueyrred\u00f3n se realiza una de las intervenciones de la campa\u00f1a \u00abYo apoyo #ESTACIONCARLOSJAUREGUI\u00bb, con el objetivo de nombrar a la estaci\u00f3n Santa F\u00e9 de la l\u00ednea H de Subte como Estaci\u00f3n Santa Fe- Carlos J\u00e1uregui, coincidiendo con los 20 a\u00f1os del fallecimiento de Carlos J\u00e1uregui.<\/p>\n<p>El proyecto de ley cuyos autores son los legisladores Maximiliano Ferraro (CCARI), Pablo Ferreyra (FPV) y Carlos Tomada (FPV) ya fue aprobado el dictamen por unanimidad en la Comisi\u00f3n de Cultura de la Legislatura porte\u00f1a.<\/p>\n<p>La campa\u00f1a que viene teniendo lugar en las redes sociales ya cuenta con el apoyo de numerosas personalidades de la cultura, de los derechos humanos, de las organizaciones sociales y sindicales y legisladores de todo el arco pol\u00edtico.<\/p>\n<p>Este s\u00e1bado a partir de las 11 los legisladores porte\u00f1os, militantes y miembros de diferentes organizaciones sociales y del LGTBI se reunir\u00e1n en la estaci\u00f3n de subte mencionada y en las cuatro esquinas donde confluyen las avenidas Santa F\u00e9 y Pueyrred\u00f3n. El objetivo del encuentro ser\u00e1 a recordar a J\u00e1uregui, dar a conocer su historia y explicar el proyecto.<\/p>\n<p>Distintas fuerzas pol\u00edticas estar\u00e1n presentes de manera de aunar fuerzas y trabajar en conjunto para lograr que se apruebe esta iniciativa. Se explicar\u00e1 el proyecto y qui\u00e9n fue Carlos J\u00e1uregui a trav\u00e9s de volantes que se repartir\u00e1n en las estaciones a los usuarios del subte.<\/p>\n<p>Carlos J\u00e1uregui fue el primer presidente de la Comunidad Homosexual Argentina (CHA) desde 1984 hasta 1987, y representante de Gays por los Derechos Civiles (GAYS DC) desde 1991 hasta su muerte en 1996. La CHA fue la primera organizaci\u00f3n homosexual institucionalizada despu\u00e9s de la Dictadura Militar. En la d\u00e9cada del 70 y 80 la Avenida Santa F\u00e9 fue punto de reuni\u00f3n y sociabilidad gay. Numerosos bares se instalaron en sus alrededores.<\/p>\n<p>La d\u00e9cada del 90 trajo consigo una explosi\u00f3n de apertura de bares, discotecas, pubs, locales comerciales, librer\u00edas, agencias de turismos, saunas y restaurantes. Con el avance de la visibilidad y lucha por los derechos del colectivo LGTBI, tambi\u00e9n comenz\u00f3 a formalizarse y expandirse una red de lugares comerciales de sociabilidad para homosexuales que antes eran clandestinos o ten\u00edan el car\u00e1cter de ocultos o secretos. De esta manera este punto de la ciudad, donde hoy se encuentra la estaci\u00f3n de subte en cuesti\u00f3n, ha sido fundamental en el desarrollo de la visibilidad y crecimiento del colectivo LGTBI.<\/p>\n<p><img decoding=\"async\" src=\"http:\/\/www.nueva-ciudad.com.ar\/advf\/imagenes\/2016\/08\/57b86aa432f01_800x800.jpg\" \/><\/p>\n<p><img decoding=\"async\" src=\"http:\/\/www.nueva-ciudad.com.ar\/advf\/imagenes\/2016\/08\/57b86aa4548ce_800x800.jpg\" \/><\/p>\n<p><img decoding=\"async\" src=\"http:\/\/www.nueva-ciudad.com.ar\/advf\/imagenes\/2016\/08\/57b86b004f3df_800x1252.jpg\" \/><\/p>\n<p><img decoding=\"async\" src=\"http:\/\/www.nueva-ciudad.com.ar\/advf\/imagenes\/2016\/08\/57b86b003d35a_800x800.jpg\" \/><\/p>\n<p><img decoding=\"async\" src=\"http:\/\/www.nueva-ciudad.com.ar\/advf\/imagenes\/2016\/08\/57b86aa473f9c_800x800.jpg\" \/><\/p>\n<p>Fotos: <a href=\"http:\/\/www.nueva-ciudad.com.ar\/notas\/201608\/27895-buscan-que-la-linea-santa-fe-de-la-linea-h-de-subte-sea-nombrada-santa-fe--carlos-jauregui.html\">Nueva Ciudad<\/a><\/p>\n<p>Fuente: <a href=\"http:\/\/www.nueva-ciudad.com.ar\/notas\/201608\/27895-buscan-que-la-linea-santa-fe-de-la-linea-h-de-subte-sea-nombrada-santa-fe--carlos-jauregui.html\">Nueva Ciudad<\/a><\/p>\n","protected":false},"excerpt":{"rendered":"<p>CABA &#8211;\u00a0Desde las 11 de la ma\u00f1ana se realiza una intervenci\u00f3n en la intersecci\u00f3n de las avenidas Santa Fe y Pueyrred\u00f3n en el marco de la campa\u00f1a \u00abYo apoyo #ESTACIONJAUREGUI\u00bb. Desde las 11 de la ma\u00f1ana en la av Santa Fe y Pueyrred\u00f3n se realiza una de las intervenciones de la campa\u00f1a \u00abYo apoyo #ESTACIONCARLOSJAUREGUI\u00bb, [&hellip;]<\/p>\n","protected":false},"author":1,"featured_media":47765,"comment_status":"closed","ping_status":"open","sticky":false,"template":"","format":"standard","meta":{"footnotes":""},"categories":[2],"tags":[9105,9644],"class_list":{"0":"post-47764","1":"post","2":"type-post","3":"status-publish","4":"format-standard","5":"has-post-thumbnail","7":"category-noticias","8":"tag-actualidad","9":"tag-news"},"_links":{"self":[{"href":"https:\/\/www.rieles.com\/front\/wp-json\/wp\/v2\/posts\/47764","targetHints":{"allow":["GET"]}}],"collection":[{"href":"https:\/\/www.rieles.com\/front\/wp-json\/wp\/v2\/posts"}],"about":[{"href":"https:\/\/www.rieles.com\/front\/wp-json\/wp\/v2\/types\/post"}],"author":[{"embeddable":true,"href":"https:\/\/www.rieles.com\/front\/wp-json\/wp\/v2\/users\/1"}],"replies":[{"embeddable":true,"href":"https:\/\/www.rieles.com\/front\/wp-json\/wp\/v2\/comments?post=47764"}],"version-history":[{"count":1,"href":"https:\/\/www.rieles.com\/front\/wp-json\/wp\/v2\/posts\/47764\/revisions"}],"predecessor-version":[{"id":47766,"href":"https:\/\/www.rieles.com\/front\/wp-json\/wp\/v2\/posts\/47764\/revisions\/47766"}],"wp:featuredmedia":[{"embeddable":true,"href":"https:\/\/www.rieles.com\/front\/wp-json\/wp\/v2\/media\/47765"}],"wp:attachment":[{"href":"https:\/\/www.rieles.com\/front\/wp-json\/wp\/v2\/media?parent=47764"}],"wp:term":[{"taxonomy":"category","embeddable":true,"href":"https:\/\/www.rieles.com\/front\/wp-json\/wp\/v2\/categories?post=47764"},{"taxonomy":"post_tag","embeddable":true,"href":"https:\/\/www.rieles.com\/front\/wp-json\/wp\/v2\/tags?post=47764"}],"curies":[{"name":"wp","href":"https:\/\/api.w.org\/{rel}","templated":true}]}}