{"id":48241,"date":"2016-09-02T15:09:24","date_gmt":"2016-09-02T18:09:24","guid":{"rendered":"http:\/\/www.rieles.com\/front\/?p=48241"},"modified":"2016-09-02T16:13:01","modified_gmt":"2016-09-02T19:13:01","slug":"rutas-ramales-ferroviarios-y-aeropuertos-en-la-agenda-de-bordet-con-dietrich","status":"publish","type":"post","link":"https:\/\/www.rieles.com\/front\/rutas-ramales-ferroviarios-y-aeropuertos-en-la-agenda-de-bordet-con-dietrich\/","title":{"rendered":"Rutas, ramales ferroviarios y aeropuertos en la agenda de Bordet con Dietrich"},"content":{"rendered":"<p style=\"text-align: justify;\"><del><\/del>El gobernador Gustavo Bordet se reuni\u00f3 con el ministro de Transporte de la Naci\u00f3n, Guillermo Dietrich, con quien dialog\u00f3 sobre distintos convenios en marcha que tiene el organismo nacional con la provincia, la situaci\u00f3n de los ramales ferroviarios, de los aeropuertos y trazaron una agenda de trabajo. Seg\u00fan se inform\u00f3 a DIARIOJUNIO en el encuentro del que particip\u00f3 el ministro Luis Benedetto, se analiz\u00f3 el tema del ferrocarril y entre ellos, \u00abel ramal Concepci\u00f3n de Uruguay-Basavilbaso, en el que se har\u00e1 una evaluaci\u00f3n para poder ver si el servicio es factible llevarlo adelante\u00bb.<\/p>\n<p style=\"text-align: justify;\">El mandatario entrerriano, particip\u00f3 del encuentro acompa\u00f1ado por el ministro de Planeamiento, Infraestructura y Servicios, Luis Benedetto y la directora de Vialidad provincial, Alicia Ben\u00edtez. Tambi\u00e9n estuvieron presentes el administrador General de Vialidad Nacional, Javier Iguacel y el subsecretario de Transporte Automotor de la Naci\u00f3n, Antonio Cort\u00e9s.<\/p>\n<p style=\"text-align: justify;\">Tras la reuni\u00f3n, Benedetto indic\u00f3 que en la oportunidad \u00abse puso al tanto de la situaci\u00f3n de Vialidad Provincial y los convenios que tenemos con Naci\u00f3n y otros proyectos\u00bb.<\/p>\n<p style=\"text-align: justify;\">\u00abEn materia ferroviaria tambi\u00e9n se hizo una evaluaci\u00f3n en lo que respecta a los ramales de trenes de pasajero, que hemos tenido solicitud de varios municipios y que en reuniones anteriores hemos tenido un an\u00e1lisis t\u00e9cnico de la situaci\u00f3n\u00bb explic\u00f3 y agreg\u00f3: \u00abSe va a continuar espec\u00edficamente con el ramal Concepci\u00f3n de Uruguay-Basavilbaso, en el que se va a hacer una evaluaci\u00f3n para poder ver si el servicio es factible llevarlo adelante con los recursos que se tiene y en la situaci\u00f3n que est\u00e1\u00bb.<\/p>\n<p style=\"text-align: justify;\">Tambi\u00e9n se dialog\u00f3 sobre el ramal Paran\u00e1-Crespo y \u00abel servicio existente que es muy exitoso, que es Paran\u00e1-Colonia Avellaneda, el cual cumple una funci\u00f3n muy importante para una ciudad como Paran\u00e1. Tiene un costo de tarifa muy bajo y es necesario trabajarlo para ver cu\u00e1l es lo que se puede corregir\u00bb.<\/p>\n<p style=\"text-align: justify;\">Por otro lado, se evaluaron la situaci\u00f3n de los aeropuertos de la provincia y \u00abse puso mucho hincapi\u00e9 en el de Concordia para poder mover la producci\u00f3n de ar\u00e1ndanos. La provincia es una de las zonas m\u00e1s importantes del pa\u00eds y es un producto que requiere un servicio a\u00e9reo para llegar a destino para mantener la calidad y el precio\u00bb.<\/p>\n<p style=\"text-align: justify;\">\u00abConsidero que ha sido muy importante\u00bb el encuentro y \u00abse traz\u00f3 una agenda de trabajo para seguir con las evaluaciones\u00bb, indic\u00f3 Benedetto.<\/p>\n<p style=\"text-align: justify;\">En ese contexto, inform\u00f3 que \u00aben todos los temas se establecieron plazos perentorios y el ministro comprometi\u00f3 al gobernador una visita a Entre R\u00edos en los pr\u00f3ximos meses, de manera que estas reuniones de trabajo tenemos que ponerlas r\u00e1pidamente en marcha para tener una evaluaci\u00f3n cuando el ministro junto al gobernador recorran la provincia\u00bb.<\/p>\n<p style=\"text-align: justify;\">Por su parte, la Ben\u00edtez se\u00f1al\u00f3 que el gobernador la present\u00f3 ante las autoridades de Vialidad Nacional y ante el ministro, \u00abcon esta nueva responsabilidad de que hace una semana estoy designada como administradora de Vialidad\u00bb.<\/p>\n<p style=\"text-align: justify;\">Precis\u00f3 que se \u00abtrataron las diferentes obras, hay convenios firmados de gesti\u00f3n anterior que no se han podido llevar a cabo y con una necesidad que tiene la provincia tanto en caminos rurales como en esas obras que estaban previstas, desde la ruta 6, la 20 y otras, obras que son muy necesarias para la provincia y que no tuvieron un avance\u00bb.<\/p>\n<p style=\"text-align: justify;\">En este sentido, dijo que \u00abquedamos con el director de Vialidad Nacional para seguir trabajando la semana que viene con los equipos t\u00e9cnicos y las \u00e1reas legales\u00bb.<\/p>\n<p style=\"text-align: justify;\">Destac\u00f3 que el compromiso de las autoridades nacionales de que \u00aben la primer semana de octubre estar\u00e1n en la provincia, un poco haciendo coincidir la fecha con el d\u00eda del camino, recorriendo obras y con algunos anuncios que van hacer muy importante para la provincia\u00bb.<\/p>\n<p style=\"text-align: justify;\">La funcionaria precis\u00f3 que dentro de las prioridades analizadas, \u201cen Paran\u00e1 los accesos. El Sur fue licitado con fondos del fondo fiduciario y el Norte es una obra que esta paralizada desde hace un tiempo. Son parte de la prioridad. Despu\u00e9s la ruta 6, la 20, todas vamos a seguir trabajado desde la documentaci\u00f3n\u00bb.<\/p>\n<p style=\"text-align: justify;\">\n<p style=\"text-align: justify;\"><a href=\"http:\/\/www.diariojunio.com.ar\/noticia.php?noticia=78539\" target=\"_blank\"><span style=\"color: #ff0000;\">diariojunio<\/span><\/a><\/p>\n","protected":false},"excerpt":{"rendered":"<p>El gobernador Gustavo Bordet se reuni\u00f3 con el ministro de Transporte de la Naci\u00f3n, Guillermo Dietrich, con quien dialog\u00f3 sobre distintos convenios en marcha que tiene el organismo nacional con la provincia, la situaci\u00f3n de los ramales ferroviarios, de los aeropuertos y trazaron una agenda de trabajo. Seg\u00fan se inform\u00f3 a DIARIOJUNIO en el encuentro [&hellip;]<\/p>\n","protected":false},"author":1,"featured_media":48242,"comment_status":"closed","ping_status":"open","sticky":false,"template":"","format":"standard","meta":{"footnotes":""},"categories":[4],"tags":[9644,13326,13325],"class_list":{"0":"post-48241","1":"post","2":"type-post","3":"status-publish","4":"format-standard","5":"has-post-thumbnail","7":"category-nacionales","8":"tag-news","9":"tag-ramales-ferroviarios-y-aeropuertos-en-la-agenda-de-bordet-con-dietrich","10":"tag-rutas"},"_links":{"self":[{"href":"https:\/\/www.rieles.com\/front\/wp-json\/wp\/v2\/posts\/48241","targetHints":{"allow":["GET"]}}],"collection":[{"href":"https:\/\/www.rieles.com\/front\/wp-json\/wp\/v2\/posts"}],"about":[{"href":"https:\/\/www.rieles.com\/front\/wp-json\/wp\/v2\/types\/post"}],"author":[{"embeddable":true,"href":"https:\/\/www.rieles.com\/front\/wp-json\/wp\/v2\/users\/1"}],"replies":[{"embeddable":true,"href":"https:\/\/www.rieles.com\/front\/wp-json\/wp\/v2\/comments?post=48241"}],"version-history":[{"count":1,"href":"https:\/\/www.rieles.com\/front\/wp-json\/wp\/v2\/posts\/48241\/revisions"}],"predecessor-version":[{"id":48243,"href":"https:\/\/www.rieles.com\/front\/wp-json\/wp\/v2\/posts\/48241\/revisions\/48243"}],"wp:featuredmedia":[{"embeddable":true,"href":"https:\/\/www.rieles.com\/front\/wp-json\/wp\/v2\/media\/48242"}],"wp:attachment":[{"href":"https:\/\/www.rieles.com\/front\/wp-json\/wp\/v2\/media?parent=48241"}],"wp:term":[{"taxonomy":"category","embeddable":true,"href":"https:\/\/www.rieles.com\/front\/wp-json\/wp\/v2\/categories?post=48241"},{"taxonomy":"post_tag","embeddable":true,"href":"https:\/\/www.rieles.com\/front\/wp-json\/wp\/v2\/tags?post=48241"}],"curies":[{"name":"wp","href":"https:\/\/api.w.org\/{rel}","templated":true}]}}