{"id":50002,"date":"2016-10-19T15:21:41","date_gmt":"2016-10-19T18:21:41","guid":{"rendered":"http:\/\/www.rieles.com\/front\/?p=50002"},"modified":"2016-10-19T15:21:41","modified_gmt":"2016-10-19T18:21:41","slug":"licitacion-para-otros-400-km-entre-salta-y-jujuy","status":"publish","type":"post","link":"https:\/\/www.rieles.com\/front\/licitacion-para-otros-400-km-entre-salta-y-jujuy\/","title":{"rendered":"Licitaci\u00f3n para otros 400 km entre Salta y Jujuy"},"content":{"rendered":"<p><span style=\"color: #ff0000;\"><em><strong>Argentina<\/strong><\/em><\/span> &#8211;\u00a0A fin del mes pasado el gobierno nacional llam\u00f3 a licitaci\u00f3n para rehabilitar 400 km de v\u00edas del Belgrano Cargas en las provincias de Salta y Jujuy por una inversi\u00f3n de $ 5.315 M.<\/p>\n<p class=\"x-texto\">La reactivaci\u00f3n del Belgrano Cargas, que desde principios de a\u00f1o est\u00e1 ejecutando el Ministerio de Transporte de la Naci\u00f3n, procura transformar la conectividad de las econom\u00edas del noroeste argentino con los principales puertos del centro del pa\u00eds.<\/p>\n<p class=\"x-texto\">Se trata de la rehabilitaci\u00f3n de 2 tramos que, en total, suman 416 kil\u00f3metros de extensi\u00f3n y cuya obra generar\u00e1 2.100 empleos. El primero va desde Talavera, pasando por Joaqu\u00edn V. Gonz\u00e1lez, hasta General Pizarro -todas localidades salte\u00f1as-, por una extensi\u00f3n de 180 kil\u00f3metros y una inversi\u00f3n de $ 2.261 M; mientras que el segundo ir\u00e1 desde Chalic\u00e1n, en Jujuy, hasta Embarcaci\u00f3n y de all\u00ed a General Pizarro, en Salta.<\/p>\n<p class=\"x-texto\">En este trayecto de 236 kil\u00f3metros se invertir\u00e1n $ 3.054 M. Ambos tramos se corresponden con los ramales C15, C18 y C12 de la L\u00ednea Belgrano.<\/p>\n<p class=\"x-texto\">Guillermo Dietrich, ministro de Transporte de la Naci\u00f3n sostuvo en aquella ocasi\u00f3n que \u201cEl tren de cargas es la infraestructura que condujo a la etapa de mayor desarrollo de nuestra historia. El fomento de este tren reducir\u00e1 los costos log\u00edsticos y, en el marco del Plan Belgrano, ser\u00e1 clave para el impulso de las econom\u00edas regionales.<\/p>\n<p class=\"x-texto\">En este caso se espera que las obras comiencen en agosto del a\u00f1o que viene, para estar finalizadas en abril de 2019. No s\u00f3lo mejorar\u00e1 la calidad y previsibilidad del servicio, sino que adem\u00e1s los trenes podr\u00e1n circular a mayor velocidad (unos 30 kil\u00f3metros por hora) y las v\u00edas tendr\u00e1n mayor capacidad de transportar hasta 22 toneladas por eje.<\/p>\n<p class=\"x-texto\">Hoy el estado de las v\u00edas en los ramales a licitar es de regular a malo: esto significa que los trenes deben circular a bajas velocidades (no superiores a los entre 19 y 24 kil\u00f3metros por hora), y que los vagones s\u00f3lo pueden transportar cantidades reducidas de cargas (no m\u00e1s de 17 toneladas por eje). Adem\u00e1s, por el estado de las v\u00edas suelen registrarse descarrilamientos y otros contratiempos.<\/p>\n<p class=\"x-texto\">El Plan de Reactivaci\u00f3n del Belgrano Cargas prev\u00e9 rehabilitar m\u00e1s de 1.500 kil\u00f3metros de v\u00edas entre Salta y Rosario, atravesando las provincias de Jujuy, Salta, Tucum\u00e1n, Chaco, Santiago del Estero y Santa Fe.<\/p>\n<p><img decoding=\"async\" src=\"http:\/\/www.ellitoral.com\/diarios\/2016\/10\/18\/economia1\/ECON-02-web-images\/3_Belgrano%20Cargas_fmt.jpeg\" alt=\"3_Belgrano Cargas.pdf\" \/><\/p>\n<p>Fuente: <a href=\"http:\/\/www.ellitoral.com\/index.php\/diarios\/2016\/10\/18\/economia1\/ECON-02.html\">El Litoral<\/a><\/p>\n","protected":false},"excerpt":{"rendered":"<p>Argentina &#8211;\u00a0A fin del mes pasado el gobierno nacional llam\u00f3 a licitaci\u00f3n para rehabilitar 400 km de v\u00edas del Belgrano Cargas en las provincias de Salta y Jujuy por una inversi\u00f3n de $ 5.315 M. La reactivaci\u00f3n del Belgrano Cargas, que desde principios de a\u00f1o est\u00e1 ejecutando el Ministerio de Transporte de la Naci\u00f3n, procura [&hellip;]<\/p>\n","protected":false},"author":1,"featured_media":42321,"comment_status":"closed","ping_status":"open","sticky":false,"template":"","format":"standard","meta":{"footnotes":""},"categories":[4,2],"tags":[13284,9644],"class_list":["post-50002","post","type-post","status-publish","format-standard","has-post-thumbnail","category-nacionales","category-noticias","tag-actualdiad","tag-news"],"_links":{"self":[{"href":"https:\/\/www.rieles.com\/front\/wp-json\/wp\/v2\/posts\/50002","targetHints":{"allow":["GET"]}}],"collection":[{"href":"https:\/\/www.rieles.com\/front\/wp-json\/wp\/v2\/posts"}],"about":[{"href":"https:\/\/www.rieles.com\/front\/wp-json\/wp\/v2\/types\/post"}],"author":[{"embeddable":true,"href":"https:\/\/www.rieles.com\/front\/wp-json\/wp\/v2\/users\/1"}],"replies":[{"embeddable":true,"href":"https:\/\/www.rieles.com\/front\/wp-json\/wp\/v2\/comments?post=50002"}],"version-history":[{"count":1,"href":"https:\/\/www.rieles.com\/front\/wp-json\/wp\/v2\/posts\/50002\/revisions"}],"predecessor-version":[{"id":50003,"href":"https:\/\/www.rieles.com\/front\/wp-json\/wp\/v2\/posts\/50002\/revisions\/50003"}],"wp:featuredmedia":[{"embeddable":true,"href":"https:\/\/www.rieles.com\/front\/wp-json\/wp\/v2\/media\/42321"}],"wp:attachment":[{"href":"https:\/\/www.rieles.com\/front\/wp-json\/wp\/v2\/media?parent=50002"}],"wp:term":[{"taxonomy":"category","embeddable":true,"href":"https:\/\/www.rieles.com\/front\/wp-json\/wp\/v2\/categories?post=50002"},{"taxonomy":"post_tag","embeddable":true,"href":"https:\/\/www.rieles.com\/front\/wp-json\/wp\/v2\/tags?post=50002"}],"curies":[{"name":"wp","href":"https:\/\/api.w.org\/{rel}","templated":true}]}}