{"id":50601,"date":"2016-11-03T14:22:08","date_gmt":"2016-11-03T17:22:08","guid":{"rendered":"http:\/\/www.rieles.com\/front\/?p=50601"},"modified":"2016-11-03T14:22:08","modified_gmt":"2016-11-03T17:22:08","slug":"costa-rica-incofer-remodelara-estacion-de-tren-en-heredia-centro-por-orden-de-sala-constitucional","status":"publish","type":"post","link":"https:\/\/www.rieles.com\/front\/costa-rica-incofer-remodelara-estacion-de-tren-en-heredia-centro-por-orden-de-sala-constitucional\/","title":{"rendered":"Costa Rica: Incofer remodelar\u00e1 estaci\u00f3n de tren en Heredia centro por orden de Sala Constitucional"},"content":{"rendered":"<p><span style=\"color: #999999;\">La estaci\u00f3n del tren en Heredia deber\u00e1 ser remodelada en los pr\u00f3ximos seis meses. <small>(MARIO AGUILAR)<\/small><\/span><\/p>\n<p><span style=\"color: #ff0000;\"><em><strong>Heredia, Costa Rica &#8211;\u00a0<\/strong><\/em><\/span>El Instituto Costarricense de Ferrocarriles (Incofer) deber\u00e1 remodelar y adecuar la estaci\u00f3n del tren de Heredia centro, luego de que la Sala Constitucional resolviera un recurso de amparo interpuesto por un grupo de usuarios de este servicio.<\/p>\n<p>As\u00ed consta en la resoluci\u00f3n n\u00famero 2016015721 del 28 de octubre de este a\u00f1o, en donde se ordena al Instituto y a funcionarios del Ministerio de Salud coordinar las acciones para ejecutar las obras.<\/p>\n<p>El lugar tendr\u00e1 que apegarse a las exigencias sanitarias, de accesibilidad y de seguridad necesarias para ofrecer a los pasajeros condiciones apropiadas.<\/p>\n<p>Adem\u00e1s, la Sala otorg\u00f3 un plazo de seis meses, posteriores a la notificaci\u00f3n de la resoluci\u00f3n, para que se ejecuten los cambios.<\/p>\n<p>\u00abLos magistrados nos dieron la raz\u00f3n sobre las p\u00e9simas condiciones en que se encuentra el inmueble, lo cual pone en riesgo la integridad de las personas que utilizan el servicio. Estamos satisfechos con la resoluci\u00f3n y ahora vamos a estar vigilantes de que Incofer y Salud cumplan\u00bb, manifest\u00f3 Mario Aguilar, uno de los usuarios que puso el recurso.<\/p>\n<p>Acciones<\/p>\n<p>El Incofer inform\u00f3 que respetar\u00e1n lo dictaminado por la Sala Constitucional, por lo que realizar\u00e1 las gestiones necesarias para la remodelaci\u00f3n.<\/p>\n<p>\u00abLa Empresa de Servicios P\u00fablicos de Heredia (ESPH) ha manifestado su inter\u00e9s en colaborar con nosotros mediante un permiso de uso y hacerse cargo de la remodelaci\u00f3n de esa estaci\u00f3n, en ese sentido estamos en conversaciones con los personeros para llegar a un acuerdo\u00bb, explic\u00f3 Mar\u00eda Fernanda Arias, vocera del Instituto.<\/p>\n<p>La entidad agreg\u00f3 que los trabajos que se hagan tendr\u00e1n el aval del Centro de Conservaci\u00f3n de Patrimonio Cultural, ya que la estaci\u00f3n del tren en la ciudad de las flores es una edificaci\u00f3n centenaria, declarada patrimonio hist\u00f3rico y arquitect\u00f3nico en 2003.<\/p>\n<p>Fuente: <a href=\"http:\/\/www.nacion.com\/nacional\/sala-iv\/Sala-Constitucional-Incofer-remodelar-Heredia_0_1595040525.html\">La Naci\u00f3n<\/a><\/p>\n","protected":false},"excerpt":{"rendered":"<p>La estaci\u00f3n del tren en Heredia deber\u00e1 ser remodelada en los pr\u00f3ximos seis meses. (MARIO AGUILAR) Heredia, Costa Rica &#8211;\u00a0El Instituto Costarricense de Ferrocarriles (Incofer) deber\u00e1 remodelar y adecuar la estaci\u00f3n del tren de Heredia centro, luego de que la Sala Constitucional resolviera un recurso de amparo interpuesto por un grupo de usuarios de este [&hellip;]<\/p>\n","protected":false},"author":1,"featured_media":50602,"comment_status":"closed","ping_status":"open","sticky":false,"template":"","format":"standard","meta":{"footnotes":""},"categories":[5,2],"tags":[9644],"class_list":{"0":"post-50601","1":"post","2":"type-post","3":"status-publish","4":"format-standard","5":"has-post-thumbnail","7":"category-internacionales","8":"category-noticias","9":"tag-news"},"_links":{"self":[{"href":"https:\/\/www.rieles.com\/front\/wp-json\/wp\/v2\/posts\/50601","targetHints":{"allow":["GET"]}}],"collection":[{"href":"https:\/\/www.rieles.com\/front\/wp-json\/wp\/v2\/posts"}],"about":[{"href":"https:\/\/www.rieles.com\/front\/wp-json\/wp\/v2\/types\/post"}],"author":[{"embeddable":true,"href":"https:\/\/www.rieles.com\/front\/wp-json\/wp\/v2\/users\/1"}],"replies":[{"embeddable":true,"href":"https:\/\/www.rieles.com\/front\/wp-json\/wp\/v2\/comments?post=50601"}],"version-history":[{"count":1,"href":"https:\/\/www.rieles.com\/front\/wp-json\/wp\/v2\/posts\/50601\/revisions"}],"predecessor-version":[{"id":50603,"href":"https:\/\/www.rieles.com\/front\/wp-json\/wp\/v2\/posts\/50601\/revisions\/50603"}],"wp:featuredmedia":[{"embeddable":true,"href":"https:\/\/www.rieles.com\/front\/wp-json\/wp\/v2\/media\/50602"}],"wp:attachment":[{"href":"https:\/\/www.rieles.com\/front\/wp-json\/wp\/v2\/media?parent=50601"}],"wp:term":[{"taxonomy":"category","embeddable":true,"href":"https:\/\/www.rieles.com\/front\/wp-json\/wp\/v2\/categories?post=50601"},{"taxonomy":"post_tag","embeddable":true,"href":"https:\/\/www.rieles.com\/front\/wp-json\/wp\/v2\/tags?post=50601"}],"curies":[{"name":"wp","href":"https:\/\/api.w.org\/{rel}","templated":true}]}}