{"id":52279,"date":"2016-12-13T11:25:53","date_gmt":"2016-12-13T14:25:53","guid":{"rendered":"http:\/\/www.rieles.com\/front\/?p=52279"},"modified":"2016-12-13T11:25:53","modified_gmt":"2016-12-13T14:25:53","slug":"espana-un-taller-de-empleo-en-utrillas-recuperara-antiguas-locomotoras-de-vapor","status":"publish","type":"post","link":"https:\/\/www.rieles.com\/front\/espana-un-taller-de-empleo-en-utrillas-recuperara-antiguas-locomotoras-de-vapor\/","title":{"rendered":"Espa\u00f1a: Un taller de empleo en Utrillas recuperar\u00e1 antiguas locomotoras de vapor"},"content":{"rendered":"<h6 style=\"text-align: center;\">Imagen del tren minero de Utrillas en uno de los viajes por el entorno del Pozo Santa B\u00e1rbara.Jorge Escudero<\/h6>\n<p style=\"text-align: justify;\">Con esta actuaci\u00f3n, el Ayuntamiento pretende restaurar varias m\u00e1quinas que se encuentran actualmente deterioradas.<\/p>\n<p style=\"text-align: justify;\">El taller de empleo con el que el Ayuntamiento de Utrillas recuperar\u00e1 locomotoras de vapor de las que se utilizaban d\u00e9cadas atr\u00e1s en la industria relacionada con el carb\u00f3n, que ha comenzado este lunes, emplear\u00e1 a nueve personas.<\/p>\n<p style=\"text-align: justify;\">El taller formar\u00e1 futuros trabajadores con un certificado de profesionalidad en operaciones auxiliares de fabricaci\u00f3n mec\u00e1nica, v\u00e1lido para poder recuperar las antiguas m\u00e1quinas de vapor que circulaban por la localidad para transportar el carb\u00f3n. Esta actividad se desarrollaba desde el Pozo de Santa B\u00e1rbara, actual Parque Tem\u00e1tico de la Miner\u00eda, hasta los lavaderos de carb\u00f3n, situados a 5 kil\u00f3metros de distancia.<\/p>\n<p style=\"text-align: justify;\">El taller est\u00e1 financiado por el INAEM mediante una subvenci\u00f3n de 84.723,65 euros, mientras que la aportaci\u00f3n del Ayuntamiento de Utrillas ser\u00e1 de 20.000 euros, seg\u00fan informa el consistorio en un comunicado. Est\u00e1 previsto que el taller dure seis meses, y est\u00e1 orientado para personas que est\u00e9n desempleadas y tengan m\u00e1s de 26 a\u00f1os de edad.<\/p>\n<p style=\"text-align: justify;\">Adem\u00e1s de los 9 alumnos, se prev\u00e9 la contrataci\u00f3n de un profesor t\u00e9cnico que impartir\u00e1 las clases y de un director de taller con la especialidad de ingenier\u00eda ferroviaria, que realizar\u00e1 labores de organizaci\u00f3n y especializaci\u00f3n en maquinar\u00eda de vapor. Con esta actuaci\u00f3n el ayuntamiento pretende recuperar varias m\u00e1quinas que se encuentran actualmente deterioradas, entre ellas la locomotora 31, que funcion\u00f3 durante medio siglo y que lleva m\u00e1s de 30 a\u00f1os expuesta a la entrada del municipio como s\u00edmbolo de los a\u00f1os de miner\u00eda y ferrocarril. Tras su restauraci\u00f3n, esta m\u00e1quina se espera que pueda funcionar junto a la locomotora Hulla dentro del recorrido del parque tem\u00e1tico de la Miner\u00eda y el Ferrocarril.<\/p>\n<p style=\"text-align: justify;\">\n<p style=\"text-align: justify;\">Fuente y fotograf\u00eda:\u00a0<a href=\"http:\/\/www.heraldo.es\/noticias\/aragon\/teruel-provincia\/2016\/12\/12\/un-taller-empleo-utrillas-recuperara-antiguas-locomotoras-vapor-1147716-1101027.html\" target=\"_blank\"><span style=\"color: #ff0000;\">heraldo<\/span><\/a><\/p>\n","protected":false},"excerpt":{"rendered":"<p>Imagen del tren minero de Utrillas en uno de los viajes por el entorno del Pozo Santa B\u00e1rbara.Jorge Escudero Con esta actuaci\u00f3n, el Ayuntamiento pretende restaurar varias m\u00e1quinas que se encuentran actualmente deterioradas. El taller de empleo con el que el Ayuntamiento de Utrillas recuperar\u00e1 locomotoras de vapor de las que se utilizaban d\u00e9cadas atr\u00e1s [&hellip;]<\/p>\n","protected":false},"author":1,"featured_media":52280,"comment_status":"closed","ping_status":"open","sticky":false,"template":"","format":"standard","meta":{"footnotes":""},"categories":[5],"tags":[13714,9644],"class_list":["post-52279","post","type-post","status-publish","format-standard","has-post-thumbnail","tag-espana-un-taller-de-empleo-en-utrillas-recuperara-antiguas-locomotoras-de-vapor","tag-news"],"_links":{"self":[{"href":"https:\/\/www.rieles.com\/front\/wp-json\/wp\/v2\/posts\/52279","targetHints":{"allow":["GET"]}}],"collection":[{"href":"https:\/\/www.rieles.com\/front\/wp-json\/wp\/v2\/posts"}],"about":[{"href":"https:\/\/www.rieles.com\/front\/wp-json\/wp\/v2\/types\/post"}],"author":[{"embeddable":true,"href":"https:\/\/www.rieles.com\/front\/wp-json\/wp\/v2\/users\/1"}],"replies":[{"embeddable":true,"href":"https:\/\/www.rieles.com\/front\/wp-json\/wp\/v2\/comments?post=52279"}],"version-history":[{"count":1,"href":"https:\/\/www.rieles.com\/front\/wp-json\/wp\/v2\/posts\/52279\/revisions"}],"predecessor-version":[{"id":52281,"href":"https:\/\/www.rieles.com\/front\/wp-json\/wp\/v2\/posts\/52279\/revisions\/52281"}],"wp:featuredmedia":[{"embeddable":true,"href":"https:\/\/www.rieles.com\/front\/wp-json\/wp\/v2\/media\/52280"}],"wp:attachment":[{"href":"https:\/\/www.rieles.com\/front\/wp-json\/wp\/v2\/media?parent=52279"}],"wp:term":[{"taxonomy":"category","embeddable":true,"href":"https:\/\/www.rieles.com\/front\/wp-json\/wp\/v2\/categories?post=52279"},{"taxonomy":"post_tag","embeddable":true,"href":"https:\/\/www.rieles.com\/front\/wp-json\/wp\/v2\/tags?post=52279"}],"curies":[{"name":"wp","href":"https:\/\/api.w.org\/{rel}","templated":true}]}}