{"id":52989,"date":"2016-12-26T10:59:38","date_gmt":"2016-12-26T13:59:38","guid":{"rendered":"http:\/\/www.rieles.com\/front\/?p=52989"},"modified":"2016-12-26T10:59:38","modified_gmt":"2016-12-26T13:59:38","slug":"al-final-rosas-y-urquiza-conviviran-en-una-estacion-del-subte-porteno","status":"publish","type":"post","link":"https:\/\/www.rieles.com\/front\/al-final-rosas-y-urquiza-conviviran-en-una-estacion-del-subte-porteno\/","title":{"rendered":"Al final, Rosas y Urquiza convivir\u00e1n en una estaci\u00f3n del subte porte\u00f1o"},"content":{"rendered":"<h6 style=\"text-align: center;\">Estaci\u00f3n Juan Manuel de Rosas del subte B. Ahora sumar\u00e1 Villa Urquiza a su nombre.<\/h6>\n<p style=\"text-align: justify;\">Dos caudillos enfrentados.Tras a\u00f1os de discusi\u00f3n, la cabecera de la l\u00ednea B llevar\u00e1 el nombre de ambos por una ley de la Legislatura.<\/p>\n<p style=\"text-align: justify;\">La batalla de Caseros, uno de los combates m\u00e1s trascendentes de la historia argentina, los separ\u00f3 hace 164 a\u00f1os. Ahora, la nomenclatura urbana los unir\u00e1. Justo Jos\u00e9 de Urquiza y Juan Manuel de Rosas, los protagonistas de aquel enfrentamiento, convivir\u00e1n en una estaci\u00f3n del subte B. La uni\u00f3n de los nombres se decidi\u00f3 por ley y supera el debate entre quienes quer\u00edan reivindicar al caudillo bonaerense y los que pretend\u00edan que la estaci\u00f3n, ubicada en el cruce de Monroe y Triunvirato, lleve la denominaci\u00f3n de Villa Urquiza, el barrio en el que est\u00e1 emplazada.<\/p>\n<p style=\"text-align: justify;\">Con 40 votos positivos, uno negativo y 12 abstenciones se aprob\u00f3 en la Legislatura porte\u00f1a un proyecto del legislador Hern\u00e1n Rossi (Suma+), que nombra \u00abJuan Manuel de Rosas &#8211; Villa Urquiza\u00bb a la actual cabecera. Antes, se hab\u00eda hecho una audiencia p\u00fablica en la que se mezclaron vecinos e historiadores.<\/p>\n<p style=\"text-align: justify;\">El debate revivi\u00f3 una discusi\u00f3n que se dio en 2008, cuando una norma presentada por el legislador Miguel Talento (Frente para la Victoria) llam\u00f3 Juan Manuel de Rosas a la estaci\u00f3n de Villa Urquiza. Entonces, la terminal a\u00fan no exist\u00eda -fue inaugurada en 2013- pero el proyecto aliment\u00f3 la antinomia entre partidarios del ex gobernador y de Sarmiento y Urquiza.<\/p>\n<p style=\"text-align: justify;\">El proyecto de Talento fue enarbolado por sectores dispares: cultores del revisionismo hist\u00f3rico, profesores de historia, alg\u00fan ex miembro de Tacuara (la agrupaci\u00f3n juvenil de extrema derecha que se form\u00f3 en 1955) y el escritor Pacho O&#8217;Donnell. Marcaban la ausencia del apellido de Rosas en la escenograf\u00eda urbana. Tambi\u00e9n, la eliminaci\u00f3n hecha durante la dictadura de una ordenanza que hab\u00eda puesto \u00abRosas\u00bb a la avenida Monroe.<\/p>\n<p style=\"text-align: justify;\">La ley se aprob\u00f3, pero la discusi\u00f3n sigui\u00f3. La Comisi\u00f3n Permanente del Centenario de Villa Urquiza hizo una petici\u00f3n al legislador Rossi, quien present\u00f3 el segundo proyecto. \u00abBuscamos una adici\u00f3n y no una sustituci\u00f3n\u00bb, dec\u00eda Rossi. Los motivos de la modificaci\u00f3n se basaban en que el nombre elegido no representaba ning\u00fan tipo de orientaci\u00f3n geogr\u00e1fica en la zona.<\/p>\n<p style=\"text-align: justify;\">Con la ley \u00faltima aprobada, las figuras estar\u00e1n a un gui\u00f1o de distancia, algo impensado hace ocho a\u00f1os, cuando se debati\u00f3 la propuesta primera, y hace 164, cuando los dos ej\u00e9rcitos se enfrentaron durante medio d\u00eda.<\/p>\n<p style=\"text-align: justify;\"><strong>Juan Manuel de Rosas<\/strong><\/p>\n<p style=\"text-align: justify;\">Estanciero, militar y pol\u00edtico, fue gobernador de la Provincia entre 1829 y 1832, cuando la sala de representantes le otorg\u00f3 facultades extraordinarias y el t\u00edtulo de Restaurador de las Leyes. Volvi\u00f3 al poder entre 1835 y 1852. La derrota en la batalla de Caseros signific\u00f3 el fin de su gobierno y su exilio en Inglaterra. Sus restos fueron repatriados el 30 de septiembre de 1989.<\/p>\n<p style=\"text-align: justify;\"><strong>Justo Jos\u00e9 de Urquiza<\/strong><\/p>\n<p style=\"text-align: justify;\">Militar y pol\u00edtico entrerriano. Fue diputado, gobernador y brigadier general del Ej\u00e9rcito. En 1851 se rebel\u00f3 contra Rosas proclamando la soberan\u00eda de su provincia. Un a\u00f1o m\u00e1s tarde lo derrotar\u00eda en la batalla de Caseros. Fue presidente de la Confederaci\u00f3n Argentina y promulg\u00f3 la nueva Constituci\u00f3n.<\/p>\n<p style=\"text-align: justify;\"><strong>Caseros: una batalla clave que cambi\u00f3 la historia<\/strong><\/p>\n<p style=\"text-align: justify;\">El 3 de febrero de 1852, las tropas de la Confederaci\u00f3n Argentina, dirigidas por Juan Manuel de Rosas, se enfrentaron al Ej\u00e9rcito Grande, comandado por el caudillo entrerriano Justo Jos\u00e9 de Urquiza, que hab\u00eda sumado a sus filas fuerzas militares del Litoral, la Banda Oriental y Brasil.<\/p>\n<p style=\"text-align: justify;\">El combate empez\u00f3 a las nueve y termin\u00f3 al inicio de la tarde. Se desarroll\u00f3 en la estancia de la familia Caseros, situada en las afueras de la ciudad de Buenos Aires, terreno que pertenece al Colegio Militar de la Naci\u00f3n.<\/p>\n<p>&nbsp;<\/p>\n<p>Fuente y fotograf\u00eda: <a href=\"http:\/\/www.clarin.com\/ciudades\/Rosas-Urquiza-conviviran-estacion-porteno_0_1711628883.html\" target=\"_blank\"><span style=\"color: #ff0000;\">Clar\u00edn<\/span><\/a><\/p>\n","protected":false},"excerpt":{"rendered":"<p>Estaci\u00f3n Juan Manuel de Rosas del subte B. Ahora sumar\u00e1 Villa Urquiza a su nombre. Dos caudillos enfrentados.Tras a\u00f1os de discusi\u00f3n, la cabecera de la l\u00ednea B llevar\u00e1 el nombre de ambos por una ley de la Legislatura. La batalla de Caseros, uno de los combates m\u00e1s trascendentes de la historia argentina, los separ\u00f3 hace [&hellip;]<\/p>\n","protected":false},"author":1,"featured_media":52990,"comment_status":"closed","ping_status":"open","sticky":false,"template":"","format":"standard","meta":{"footnotes":""},"categories":[4,2],"tags":[9644],"class_list":{"0":"post-52989","1":"post","2":"type-post","3":"status-publish","4":"format-standard","5":"has-post-thumbnail","7":"category-nacionales","8":"category-noticias","9":"tag-news"},"_links":{"self":[{"href":"https:\/\/www.rieles.com\/front\/wp-json\/wp\/v2\/posts\/52989","targetHints":{"allow":["GET"]}}],"collection":[{"href":"https:\/\/www.rieles.com\/front\/wp-json\/wp\/v2\/posts"}],"about":[{"href":"https:\/\/www.rieles.com\/front\/wp-json\/wp\/v2\/types\/post"}],"author":[{"embeddable":true,"href":"https:\/\/www.rieles.com\/front\/wp-json\/wp\/v2\/users\/1"}],"replies":[{"embeddable":true,"href":"https:\/\/www.rieles.com\/front\/wp-json\/wp\/v2\/comments?post=52989"}],"version-history":[{"count":1,"href":"https:\/\/www.rieles.com\/front\/wp-json\/wp\/v2\/posts\/52989\/revisions"}],"predecessor-version":[{"id":52991,"href":"https:\/\/www.rieles.com\/front\/wp-json\/wp\/v2\/posts\/52989\/revisions\/52991"}],"wp:featuredmedia":[{"embeddable":true,"href":"https:\/\/www.rieles.com\/front\/wp-json\/wp\/v2\/media\/52990"}],"wp:attachment":[{"href":"https:\/\/www.rieles.com\/front\/wp-json\/wp\/v2\/media?parent=52989"}],"wp:term":[{"taxonomy":"category","embeddable":true,"href":"https:\/\/www.rieles.com\/front\/wp-json\/wp\/v2\/categories?post=52989"},{"taxonomy":"post_tag","embeddable":true,"href":"https:\/\/www.rieles.com\/front\/wp-json\/wp\/v2\/tags?post=52989"}],"curies":[{"name":"wp","href":"https:\/\/api.w.org\/{rel}","templated":true}]}}