{"id":53447,"date":"2017-01-03T11:52:33","date_gmt":"2017-01-03T14:52:33","guid":{"rendered":"http:\/\/www.rieles.com\/front\/?p=53447"},"modified":"2017-01-03T11:52:33","modified_gmt":"2017-01-03T14:52:33","slug":"espana-el-ferrocarril-no-falta-un-ano-mas-a-su-cita-navidena-en-irun","status":"publish","type":"post","link":"https:\/\/www.rieles.com\/front\/espana-el-ferrocarril-no-falta-un-ano-mas-a-su-cita-navidena-en-irun\/","title":{"rendered":"Espa\u00f1a: El ferrocarril no falta, un a\u00f1o m\u00e1s, a su cita navide\u00f1a en Irun"},"content":{"rendered":"<h6 style=\"text-align: center;\">Una joven observa los paneles sobre la historia del Tren Txikito y un cartel original, datado en 1935.<\/h6>\n<p style=\"text-align: justify;\">HISTORIA PARA LOS MAYORES Y UNA GRAN MAQUETA, PARA DISFRUTE DE LOS NI\u00d1OS, SE COMBINAN EN LA MUESTRA SOBRE LOS 100 A\u00d1OS DEL YA DESAPARECIDO \u2018TREN TXIKITO\u2019<\/p>\n<p style=\"text-align: justify;\">Irun es una ciudad que tiene parte de su historia reciente ligada al ferrocarril, como tambi\u00e9n lo est\u00e1 su futuro, con el proyecto, todav\u00eda en ciernes, para recuperar m\u00e1s de 200.000 metros cuadrados del espacio de v\u00edas y otros servicios que cruza, como un herida, el centro de la ciudad.<\/p>\n<p style=\"text-align: justify;\">Desde hace una d\u00e9cada, cada Navidad, hay alguna exposici\u00f3n relacionada con el tren y su historia. En esta ocasi\u00f3n, se trata de traer a la memoria la l\u00ednea de ferrocarril entre Irun y Elizondo, m\u00e1s popularmente conocida como el Tren Txikito del Bidasoa.<\/p>\n<p style=\"text-align: justify;\">Y es que en el reci\u00e9n terminado a\u00f1o 2016 se han cumplido los 100 a\u00f1os de la apertura de esta l\u00ednea y con tal motivo, el centro c\u00edvico Palmera-Montero alberga, hasta este pr\u00f3ximo domingo, d\u00eda 8, una exposici\u00f3n dedicada al Tren Txikito, organizada por el Foro Ciudadano Irun\u00e9s, con la colaboraci\u00f3n del Ayuntamiento y de BAF7301, la Asociaci\u00f3n Bidasotarra de Amigos del Ferrocarril.<\/p>\n<p style=\"text-align: justify;\">L\u00daDICO E HIST\u00d3RICO Koldo Colado, integrante del Foro Ciudadano y tambi\u00e9n ferroviario y aficionado al modelismo, explica que \u201cla exposici\u00f3n combina una parte hist\u00f3rica, quiz\u00e1 dirigida a los interesados en el tema y a los nost\u00e1lgicos que conocieron la l\u00ednea, que hizo su \u00faltimo trayecto el 31 de diciembre de 1956; con otra parte l\u00fadica, la de la maqueta 7 por 1,5 metros que recrea, con gran detalle, parte del recorrido del Tren Txikito, confeccionada para la exposici\u00f3n por los amigos de la BAF7301 y que atrae en especial a los ni\u00f1os\u201d.<\/p>\n<p style=\"text-align: justify;\">En la parte hist\u00f3rica, hay numeroso material sobre lo que fue esta l\u00ednea, \u201cque primero uni\u00f3 la zona minera de Hirugurutzeta con Dunboa y luego se prolong\u00f3 hasta Endarlatsa primero y a Elizondo, despu\u00e9s\u201d, recuerda Koldo Colado.<\/p>\n<p style=\"text-align: justify;\">La muestra se compone de una quincena de paneles informativos con textos de Ricardo Berodia y 58 fotograf\u00edas\u201d, y en torno a ellos, se han recopilado materiales como \u201cladrillos de la estaci\u00f3n de Kostorbe, una teja del apeadero de Behobia, un tirafondo recuperado en Endarlatsa y parte de un carril minero; fotos antiguas, colecciones de billetes, correspondencia de la \u00e9poca o un cartel original de 1935, junto con un audiovisual de 25 minutos que recorre la vieja l\u00ednea en bici y la compara con fotos antiguas\u201d, detalla el integrante de la organizaci\u00f3n de esta exposici\u00f3n.<\/p>\n<p style=\"text-align: justify;\">La muestra, que estar\u00e1 cerrada el jueves y el viernes, puede visitarse en la sala n\u00famero cinco de Palmera-Montero, de 18.00 a 20.30 horas.<\/p>\n<p style=\"text-align: justify;\">\n<p style=\"text-align: justify;\">Fuente y fotograf\u00eda:\u00a0<span style=\"color: #ff0000;\">noticiasdegipuzkoa<\/span><\/p>\n","protected":false},"excerpt":{"rendered":"<p>Una joven observa los paneles sobre la historia del Tren Txikito y un cartel original, datado en 1935. HISTORIA PARA LOS MAYORES Y UNA GRAN MAQUETA, PARA DISFRUTE DE LOS NI\u00d1OS, SE COMBINAN EN LA MUESTRA SOBRE LOS 100 A\u00d1OS DEL YA DESAPARECIDO \u2018TREN TXIKITO\u2019 Irun es una ciudad que tiene parte de su historia [&hellip;]<\/p>\n","protected":false},"author":1,"featured_media":53448,"comment_status":"closed","ping_status":"open","sticky":false,"template":"","format":"standard","meta":{"footnotes":""},"categories":[5],"tags":[9644],"class_list":["post-53447","post","type-post","status-publish","format-standard","has-post-thumbnail","category-internacionales","tag-news"],"_links":{"self":[{"href":"https:\/\/www.rieles.com\/front\/wp-json\/wp\/v2\/posts\/53447","targetHints":{"allow":["GET"]}}],"collection":[{"href":"https:\/\/www.rieles.com\/front\/wp-json\/wp\/v2\/posts"}],"about":[{"href":"https:\/\/www.rieles.com\/front\/wp-json\/wp\/v2\/types\/post"}],"author":[{"embeddable":true,"href":"https:\/\/www.rieles.com\/front\/wp-json\/wp\/v2\/users\/1"}],"replies":[{"embeddable":true,"href":"https:\/\/www.rieles.com\/front\/wp-json\/wp\/v2\/comments?post=53447"}],"version-history":[{"count":1,"href":"https:\/\/www.rieles.com\/front\/wp-json\/wp\/v2\/posts\/53447\/revisions"}],"predecessor-version":[{"id":53449,"href":"https:\/\/www.rieles.com\/front\/wp-json\/wp\/v2\/posts\/53447\/revisions\/53449"}],"wp:featuredmedia":[{"embeddable":true,"href":"https:\/\/www.rieles.com\/front\/wp-json\/wp\/v2\/media\/53448"}],"wp:attachment":[{"href":"https:\/\/www.rieles.com\/front\/wp-json\/wp\/v2\/media?parent=53447"}],"wp:term":[{"taxonomy":"category","embeddable":true,"href":"https:\/\/www.rieles.com\/front\/wp-json\/wp\/v2\/categories?post=53447"},{"taxonomy":"post_tag","embeddable":true,"href":"https:\/\/www.rieles.com\/front\/wp-json\/wp\/v2\/tags?post=53447"}],"curies":[{"name":"wp","href":"https:\/\/api.w.org\/{rel}","templated":true}]}}