{"id":53502,"date":"2017-01-04T13:15:45","date_gmt":"2017-01-04T16:15:45","guid":{"rendered":"http:\/\/www.rieles.com\/front\/?p=53502"},"modified":"2017-01-04T13:30:17","modified_gmt":"2017-01-04T16:30:17","slug":"se-normalizo-el-servicio-de-tren","status":"publish","type":"post","link":"https:\/\/www.rieles.com\/front\/se-normalizo-el-servicio-de-tren\/","title":{"rendered":"Se normaliz\u00f3 el servicio de tren"},"content":{"rendered":"<p style=\"text-align: justify;\">El Tren del Valle comenz\u00f3 a funcionar normalmente luego de que saliera de circulaci\u00f3n a fin de a\u00f1o por desperfectos t\u00e9cnicos.<\/p>\n<p style=\"text-align: justify;\">Seg\u00fan se inform\u00f3 desde Trenes Argentinos, la formaci\u00f3n se detuvo por inconvenientes en la bomba de combustibles.<\/p>\n<p style=\"text-align: justify;\">Sin embargo, mientras se realizaba la reparaci\u00f3n, los operarios detectaron tambi\u00e9n un desperfecto en la caja de velocidades y esto demor\u00f3 la puesta en marcha del transporte que presta el servicio Cipolletti Neuqu\u00e9n, en busca del repuesto adecuado entre el 31 de diciembre y el 1 de enero de este a\u00f1o.<\/p>\n<p style=\"text-align: justify;\">\u201cEl inconveniente se pudo solucionar y el tren funciona sin problemas, y en condiciones de seguridad\u201d, se inform\u00f3 ayer desde la operadora ferroviaria que tiene sede en la Ciudad de Aut\u00f3noma de Buenos Aires.<\/p>\n<p style=\"text-align: justify;\">Pasajeros fieles<\/p>\n<p style=\"text-align: justify;\">Un total de 43 personas viajaban en el trayecto entre Cipolletti y Neuqu\u00e9n cuando se produjo el desperfecto, que fueron trasladados en colectivos.<\/p>\n<p style=\"text-align: justify;\">Seg\u00fan se inform\u00f3, en noviembre viajaron 31.795 pasajeros en el Tren del Valle, con un promedio diario de 1.300 pasajeros al d\u00eda. Los domingos no hay servicio y los s\u00e1bados funciona hasta las 13.<\/p>\n<p style=\"text-align: justify;\">Desde el gremio ferroviario La Fraternidad aseguraron que el promedio de pasajeros se mantiene constante desde el primer viaje que realiz\u00f3 el tren del Valle, en junio de 2015.<\/p>\n<p style=\"text-align: justify;\">Desde el sindicato aseguran que pese a que a veces el servicio se suspende, el tren \u201clleg\u00f3 para quedarse\u201d.<\/p>\n<p style=\"text-align: justify;\">Fuente:\u00a0<a href=\"http:\/\/www.rionegro.com.ar\/neuquen\/se-normalizo-el-servicio-de-tren-ML1937178\" target=\"_blank\"><span style=\"color: #ff0000;\">rionegro<\/span><\/a><\/p>\n","protected":false},"excerpt":{"rendered":"<p>El Tren del Valle comenz\u00f3 a funcionar normalmente luego de que saliera de circulaci\u00f3n a fin de a\u00f1o por desperfectos t\u00e9cnicos. Seg\u00fan se inform\u00f3 desde Trenes Argentinos, la formaci\u00f3n se detuvo por inconvenientes en la bomba de combustibles. Sin embargo, mientras se realizaba la reparaci\u00f3n, los operarios detectaron tambi\u00e9n un desperfecto en la caja de [&hellip;]<\/p>\n","protected":false},"author":1,"featured_media":47594,"comment_status":"closed","ping_status":"open","sticky":false,"template":"","format":"standard","meta":{"footnotes":""},"categories":[4],"tags":[9644],"class_list":["post-53502","post","type-post","status-publish","format-standard","has-post-thumbnail","category-nacionales","tag-news"],"_links":{"self":[{"href":"https:\/\/www.rieles.com\/front\/wp-json\/wp\/v2\/posts\/53502","targetHints":{"allow":["GET"]}}],"collection":[{"href":"https:\/\/www.rieles.com\/front\/wp-json\/wp\/v2\/posts"}],"about":[{"href":"https:\/\/www.rieles.com\/front\/wp-json\/wp\/v2\/types\/post"}],"author":[{"embeddable":true,"href":"https:\/\/www.rieles.com\/front\/wp-json\/wp\/v2\/users\/1"}],"replies":[{"embeddable":true,"href":"https:\/\/www.rieles.com\/front\/wp-json\/wp\/v2\/comments?post=53502"}],"version-history":[{"count":2,"href":"https:\/\/www.rieles.com\/front\/wp-json\/wp\/v2\/posts\/53502\/revisions"}],"predecessor-version":[{"id":53554,"href":"https:\/\/www.rieles.com\/front\/wp-json\/wp\/v2\/posts\/53502\/revisions\/53554"}],"wp:featuredmedia":[{"embeddable":true,"href":"https:\/\/www.rieles.com\/front\/wp-json\/wp\/v2\/media\/47594"}],"wp:attachment":[{"href":"https:\/\/www.rieles.com\/front\/wp-json\/wp\/v2\/media?parent=53502"}],"wp:term":[{"taxonomy":"category","embeddable":true,"href":"https:\/\/www.rieles.com\/front\/wp-json\/wp\/v2\/categories?post=53502"},{"taxonomy":"post_tag","embeddable":true,"href":"https:\/\/www.rieles.com\/front\/wp-json\/wp\/v2\/tags?post=53502"}],"curies":[{"name":"wp","href":"https:\/\/api.w.org\/{rel}","templated":true}]}}