{"id":53548,"date":"2017-01-04T13:24:40","date_gmt":"2017-01-04T16:24:40","guid":{"rendered":"http:\/\/www.rieles.com\/front\/?p=53548"},"modified":"2017-01-04T13:24:40","modified_gmt":"2017-01-04T16:24:40","slug":"por-que-sabotean-las-obras-del-roca-ahora-fue-en-varela","status":"publish","type":"post","link":"https:\/\/www.rieles.com\/front\/por-que-sabotean-las-obras-del-roca-ahora-fue-en-varela\/","title":{"rendered":"Por qu\u00e9 sabotean las obras del Roca: ahora fue en Varela"},"content":{"rendered":"<p style=\"text-align: justify;\">Lo que bien podr\u00eda tratarse de un nuevo sabotaje contra la electrificaci\u00f3n del tren Roca se pudo vivir en las \u00faltimas horas cuando en plena estaci\u00f3n Florencio Varela se quit\u00f3 el hilo de contacto (el que llevar\u00eda los 25 kv) que estaba preparada para ser fijada a las m\u00e9nsulas y al hilo de sost\u00e9n, tal como informaron trabajadores de la empresa.<\/p>\n<p style=\"text-align: center;\"><span style=\"color: #ff0000;\">UNA SITUACI\u00d3N SIMILAR HAB\u00cdA OCURRIDO EN NOCHEBUENA, PERO A 25 METROS DE LA ESTACI\u00d3N VARELENSE.<\/span><\/p>\n<p style=\"text-align: justify;\">Semanas atr\u00e1s, algo similar hab\u00eda ocurrido en dos oportunidades en la v\u00eda Quilmes, entre Hudson en Pereyra, sumando el incendio intencional de un vag\u00f3n de pasajeros (de esos que tienen puertas autom\u00e1ticas) estacionado en la estaci\u00f3n Hudson que era utilizado como pa\u00f1ol.<\/p>\n<p style=\"text-align: justify;\"><a href=\"http:\/\/www.rieles.com\/front\/wp-content\/uploads\/trenrca2_infosur.jpg\"><img loading=\"lazy\" decoding=\"async\" class=\"aligncenter size-full wp-image-53549\" src=\"http:\/\/www.rieles.com\/front\/wp-content\/uploads\/trenrca2_infosur.jpg\" alt=\"trenrca2_infosur\" width=\"700\" height=\"499\" srcset=\"https:\/\/www.rieles.com\/front\/wp-content\/uploads\/trenrca2_infosur.jpg 700w, https:\/\/www.rieles.com\/front\/wp-content\/uploads\/trenrca2_infosur-300x214.jpg 300w\" sizes=\"auto, (max-width: 700px) 100vw, 700px\" \/><\/a> <a href=\"http:\/\/www.rieles.com\/front\/wp-content\/uploads\/trenroca1_infosur.jpg\"><img loading=\"lazy\" decoding=\"async\" class=\"aligncenter size-full wp-image-53550\" src=\"http:\/\/www.rieles.com\/front\/wp-content\/uploads\/trenroca1_infosur.jpg\" alt=\"trenroca1_infosur\" width=\"700\" height=\"500\" srcset=\"https:\/\/www.rieles.com\/front\/wp-content\/uploads\/trenroca1_infosur.jpg 700w, https:\/\/www.rieles.com\/front\/wp-content\/uploads\/trenroca1_infosur-300x214.jpg 300w\" sizes=\"auto, (max-width: 700px) 100vw, 700px\" \/><\/a> <a href=\"http:\/\/www.rieles.com\/front\/wp-content\/uploads\/trenroca4_Infosur.jpg\"><img loading=\"lazy\" decoding=\"async\" class=\"aligncenter size-full wp-image-53552\" src=\"http:\/\/www.rieles.com\/front\/wp-content\/uploads\/trenroca4_Infosur.jpg\" alt=\"trenroca4_infosur\" width=\"700\" height=\"500\" srcset=\"https:\/\/www.rieles.com\/front\/wp-content\/uploads\/trenroca4_Infosur.jpg 700w, https:\/\/www.rieles.com\/front\/wp-content\/uploads\/trenroca4_Infosur-300x214.jpg 300w\" sizes=\"auto, (max-width: 700px) 100vw, 700px\" \/><\/a><\/p>\n<p style=\"text-align: justify;\">\n<p style=\"text-align: justify;\">Fuente y fotograf\u00eda:\u00a0<a href=\"http:\/\/infosurdiario.com.ar\/por-que-sabotean-las-obras-del-roca-ahora-fue-en-varela\/\" target=\"_blank\"><span style=\"color: #ff0000;\">infosurdiario<\/span><\/a><\/p>\n","protected":false},"excerpt":{"rendered":"<p>Lo que bien podr\u00eda tratarse de un nuevo sabotaje contra la electrificaci\u00f3n del tren Roca se pudo vivir en las \u00faltimas horas cuando en plena estaci\u00f3n Florencio Varela se quit\u00f3 el hilo de contacto (el que llevar\u00eda los 25 kv) que estaba preparada para ser fijada a las m\u00e9nsulas y al hilo de sost\u00e9n, tal [&hellip;]<\/p>\n","protected":false},"author":1,"featured_media":53551,"comment_status":"closed","ping_status":"open","sticky":false,"template":"","format":"standard","meta":{"footnotes":""},"categories":[4],"tags":[9105,9644],"class_list":["post-53548","post","type-post","status-publish","format-standard","has-post-thumbnail","category-nacionales","tag-actualidad","tag-news"],"_links":{"self":[{"href":"https:\/\/www.rieles.com\/front\/wp-json\/wp\/v2\/posts\/53548","targetHints":{"allow":["GET"]}}],"collection":[{"href":"https:\/\/www.rieles.com\/front\/wp-json\/wp\/v2\/posts"}],"about":[{"href":"https:\/\/www.rieles.com\/front\/wp-json\/wp\/v2\/types\/post"}],"author":[{"embeddable":true,"href":"https:\/\/www.rieles.com\/front\/wp-json\/wp\/v2\/users\/1"}],"replies":[{"embeddable":true,"href":"https:\/\/www.rieles.com\/front\/wp-json\/wp\/v2\/comments?post=53548"}],"version-history":[{"count":1,"href":"https:\/\/www.rieles.com\/front\/wp-json\/wp\/v2\/posts\/53548\/revisions"}],"predecessor-version":[{"id":53553,"href":"https:\/\/www.rieles.com\/front\/wp-json\/wp\/v2\/posts\/53548\/revisions\/53553"}],"wp:featuredmedia":[{"embeddable":true,"href":"https:\/\/www.rieles.com\/front\/wp-json\/wp\/v2\/media\/53551"}],"wp:attachment":[{"href":"https:\/\/www.rieles.com\/front\/wp-json\/wp\/v2\/media?parent=53548"}],"wp:term":[{"taxonomy":"category","embeddable":true,"href":"https:\/\/www.rieles.com\/front\/wp-json\/wp\/v2\/categories?post=53548"},{"taxonomy":"post_tag","embeddable":true,"href":"https:\/\/www.rieles.com\/front\/wp-json\/wp\/v2\/tags?post=53548"}],"curies":[{"name":"wp","href":"https:\/\/api.w.org\/{rel}","templated":true}]}}