{"id":54801,"date":"2017-01-30T11:11:13","date_gmt":"2017-01-30T14:11:13","guid":{"rendered":"http:\/\/www.rieles.com\/front\/?p=54801"},"modified":"2017-01-30T11:11:13","modified_gmt":"2017-01-30T14:11:13","slug":"para-el-gobierno-el-regreso-del-tren-a-mar-del-plata-no-tiene-fecha-estimada","status":"publish","type":"post","link":"https:\/\/www.rieles.com\/front\/para-el-gobierno-el-regreso-del-tren-a-mar-del-plata-no-tiene-fecha-estimada\/","title":{"rendered":"Para el Gobierno, el regreso del tren a Mar del Plata \u201cno tiene fecha estimada\u201d"},"content":{"rendered":"<p style=\"text-align: justify;\">Lo afirm\u00f3 el ministro de Transporte de la Naci\u00f3n, Guillermo Dietrich. Por ahora contin\u00faan las pruebas de las v\u00edas. En noviembre pasado hab\u00edan estimado que el servicio Constituci\u00f3n-Mar del Plata iba a volver esta temporada.<\/p>\n<p style=\"text-align: justify;\">La posibilidad que el servicio de tren Buenos Aires-Mar del Plata pueda funcionar en la temporada comienza a diluirse luego que el Gobierno Nacional anunciara este jueves que hasta el momento \u201cno hay una fecha estimada\u201d para tal regreso.<\/p>\n<p style=\"text-align: justify;\">Estas declaciones fueron efectuadas por el ministro de Transporte de Naci\u00f3n Guillermo Dietrich, mientras contin\u00faan las pruebas de las v\u00edas que unen la capital del pa\u00eds con nuestra ciudad.<\/p>\n<p style=\"text-align: justify;\">Fuentes de Trenes Argentinos consultadas por 0223 indicaron que \u201cpara priorizar la seguridad, se contin\u00faan realizando diariamente las pruebas sin pasajeros, denominadas \u201cmarcha blanca\u201d, que consiste en salir de la estaci\u00f3n de Constituci\u00f3n y llegar a la Ferroautomotora de Mar del Plata\u201d.<\/p>\n<p style=\"text-align: justify;\">En noviembre pasado el Gobierno hab\u00eda anunciado que el tren podr\u00eda funcionar en la temporada, m\u00e1s precisamente en diciembre y beneficiar as\u00ed a unos 20 mil pasajeros en forma mensual que elegir\u00edan usar el nuevo tren a \u201cLa Feliz\u201d, como hab\u00eda sido anunciado en su momento el exministro de Transporte Florencio Randazzo.<\/p>\n<p style=\"text-align: justify;\">\n<p style=\"text-align: justify;\">Fuente:\u00a0<a href=\"http:\/\/www.0223.com.ar\/nota\/2017-1-27-para-el-gobierno-el-regreso-del-tren-a-mar-del-plata-no-tiene-fecha-estimada\" target=\"_blank\"><span style=\"color: #ff0000;\">0223<\/span><\/a><\/p>\n","protected":false},"excerpt":{"rendered":"<p>Lo afirm\u00f3 el ministro de Transporte de la Naci\u00f3n, Guillermo Dietrich. Por ahora contin\u00faan las pruebas de las v\u00edas. En noviembre pasado hab\u00edan estimado que el servicio Constituci\u00f3n-Mar del Plata iba a volver esta temporada. La posibilidad que el servicio de tren Buenos Aires-Mar del Plata pueda funcionar en la temporada comienza a diluirse luego [&hellip;]<\/p>\n","protected":false},"author":1,"featured_media":53578,"comment_status":"closed","ping_status":"open","sticky":false,"template":"","format":"standard","meta":{"footnotes":""},"categories":[4],"tags":[10855,9105,9644],"class_list":{"0":"post-54801","1":"post","2":"type-post","3":"status-publish","4":"format-standard","5":"has-post-thumbnail","7":"category-nacionales","8":"tag-10855","9":"tag-actualidad","10":"tag-news"},"_links":{"self":[{"href":"https:\/\/www.rieles.com\/front\/wp-json\/wp\/v2\/posts\/54801","targetHints":{"allow":["GET"]}}],"collection":[{"href":"https:\/\/www.rieles.com\/front\/wp-json\/wp\/v2\/posts"}],"about":[{"href":"https:\/\/www.rieles.com\/front\/wp-json\/wp\/v2\/types\/post"}],"author":[{"embeddable":true,"href":"https:\/\/www.rieles.com\/front\/wp-json\/wp\/v2\/users\/1"}],"replies":[{"embeddable":true,"href":"https:\/\/www.rieles.com\/front\/wp-json\/wp\/v2\/comments?post=54801"}],"version-history":[{"count":1,"href":"https:\/\/www.rieles.com\/front\/wp-json\/wp\/v2\/posts\/54801\/revisions"}],"predecessor-version":[{"id":54802,"href":"https:\/\/www.rieles.com\/front\/wp-json\/wp\/v2\/posts\/54801\/revisions\/54802"}],"wp:featuredmedia":[{"embeddable":true,"href":"https:\/\/www.rieles.com\/front\/wp-json\/wp\/v2\/media\/53578"}],"wp:attachment":[{"href":"https:\/\/www.rieles.com\/front\/wp-json\/wp\/v2\/media?parent=54801"}],"wp:term":[{"taxonomy":"category","embeddable":true,"href":"https:\/\/www.rieles.com\/front\/wp-json\/wp\/v2\/categories?post=54801"},{"taxonomy":"post_tag","embeddable":true,"href":"https:\/\/www.rieles.com\/front\/wp-json\/wp\/v2\/tags?post=54801"}],"curies":[{"name":"wp","href":"https:\/\/api.w.org\/{rel}","templated":true}]}}