{"id":54803,"date":"2017-01-30T11:24:21","date_gmt":"2017-01-30T14:24:21","guid":{"rendered":"http:\/\/www.rieles.com\/front\/?p=54803"},"modified":"2017-01-30T11:24:21","modified_gmt":"2017-01-30T14:24:21","slug":"una-propuesta-de-paisajes-y-lecturas","status":"publish","type":"post","link":"https:\/\/www.rieles.com\/front\/una-propuesta-de-paisajes-y-lecturas\/","title":{"rendered":"Una propuesta de paisajes y lecturas"},"content":{"rendered":"<p style=\"text-align: justify;\">Con el fin de promover y revalorizar el patrimonio cultural identitario de la provincia, se lanz\u00f3 la iniciativa literaria \u00abPalabras sobre rieles\u00bb, que acerca textos de escritores locales a los viajantes.<\/p>\n<figure id=\"attachment_54808\" aria-describedby=\"caption-attachment-54808\" style=\"width: 1785px\" class=\"wp-caption aligncenter\"><a href=\"http:\/\/www.rieles.com\/front\/wp-content\/uploads\/74037.jpg\"><img loading=\"lazy\" decoding=\"async\" class=\"size-full wp-image-54808\" src=\"http:\/\/www.rieles.com\/front\/wp-content\/uploads\/74037.jpg\" alt=\"telam \/ viedma \/ 20-01-2017 &quot;palabras sobre rieles....un viaje por nuestra identidad&quot; es la propuesta que el ministerio de turismo, cultura y deporte de rio negro lleva a los pasajeros del tren patagonico foto telam \/ marcelo ochoa\" width=\"1785\" height=\"1182\" srcset=\"https:\/\/www.rieles.com\/front\/wp-content\/uploads\/74037.jpg 1785w, https:\/\/www.rieles.com\/front\/wp-content\/uploads\/74037-300x199.jpg 300w, https:\/\/www.rieles.com\/front\/wp-content\/uploads\/74037-768x509.jpg 768w, https:\/\/www.rieles.com\/front\/wp-content\/uploads\/74037-1024x678.jpg 1024w, https:\/\/www.rieles.com\/front\/wp-content\/uploads\/74037-120x78.jpg 120w\" sizes=\"auto, (max-width: 1785px) 100vw, 1785px\" \/><\/a><figcaption id=\"caption-attachment-54808\" class=\"wp-caption-text\">foto telam \/ marcelo ochoa<\/figcaption><\/figure>\n<p style=\"text-align: justify;\">Con el fin de promover y revalorizar el patrimonio cultural identitario de la provincia, el Ministerio de Turismo, Cultura y Deporte de R\u00edo Negro lanz\u00f3 la iniciativa literaria \u201cPalabras sobre rieles\u201d, que acerca textos de escritores locales a los viajantes que unen la planicie del este de la provincia en Viedma con la Cordillera de Los Andes en San Carlos de Bariloche en el oeste.<\/p>\n<p style=\"text-align: justify;\">En la estaci\u00f3n ferroviaria de Viedma es donde empez\u00f3 a gestarse \u00abPalabras sobre rieles\u00bb, un original proyecto de lectura que se desarrolla a bordo del Tren Patag\u00f3nico cada vez que \u00e9ste se pone en marcha, donde se reparte material literario de autores rionegrinos a todos los pasajeros que parten desde esa ciudad a San Carlos de Bariloche.<\/p>\n<figure id=\"attachment_54810\" aria-describedby=\"caption-attachment-54810\" style=\"width: 1871px\" class=\"wp-caption aligncenter\"><a href=\"http:\/\/www.rieles.com\/front\/wp-content\/uploads\/74040.jpg\"><img loading=\"lazy\" decoding=\"async\" class=\"size-full wp-image-54810\" src=\"http:\/\/www.rieles.com\/front\/wp-content\/uploads\/74040.jpg\" alt=\"telam \/ viedma \/ 20-01-2017 &quot;palabras sobre rieles....un viaje por nuestra identidad&quot; es la propuesta que el ministerio de turismo, cultura y deporte de rio negro lleva a los pasajeros del tren patagonico foto telam \/ marcelo ochoa\" width=\"1871\" height=\"1240\" srcset=\"https:\/\/www.rieles.com\/front\/wp-content\/uploads\/74040.jpg 1871w, https:\/\/www.rieles.com\/front\/wp-content\/uploads\/74040-300x199.jpg 300w, https:\/\/www.rieles.com\/front\/wp-content\/uploads\/74040-768x509.jpg 768w, https:\/\/www.rieles.com\/front\/wp-content\/uploads\/74040-1024x679.jpg 1024w\" sizes=\"auto, (max-width: 1871px) 100vw, 1871px\" \/><\/a><figcaption id=\"caption-attachment-54810\" class=\"wp-caption-text\">foto telam \/ marcelo ochoa<\/figcaption><\/figure>\n<p style=\"text-align: justify;\">Con el fin de promover y revalorizar el patrimonio cultural identitario de la provincia, el Ministerio de Turismo, Cultura y Deporte de R\u00edo Negro lanz\u00f3 la iniciativa literaria, que acerca textos de escritores locales a los viajantes, como los que abordan vida y obra del escritor y periodista Rodolfo Walsh o el poeta Nito Fritz, o las postales con ilustraciones y leyendas de la provincia.<\/p>\n<p style=\"text-align: justify;\">\u00abLa iniciativa, que surgi\u00f3 desde el \u00e1rea de Extensi\u00f3n Literaria tomando como principal referente a Walsh (oriundo de Lamarque), es parte de un programa de promoci\u00f3n y difusi\u00f3n de artistas y autores rionegrinos\u00bb, explic\u00f3 a T\u00e9lam Ariel \u00c1valos, secretario de Cultura provincial.<\/p>\n<figure id=\"attachment_54809\" aria-describedby=\"caption-attachment-54809\" style=\"width: 1649px\" class=\"wp-caption aligncenter\"><a href=\"http:\/\/www.rieles.com\/front\/wp-content\/uploads\/74039.jpg\"><img loading=\"lazy\" decoding=\"async\" class=\"size-full wp-image-54809\" src=\"http:\/\/www.rieles.com\/front\/wp-content\/uploads\/74039.jpg\" alt=\"telam \/ viedma \/ 20-01-2017 &quot;palabras sobre rieles....un viaje por nuestra identidad&quot; es la propuesta que el ministerio de turismo, cultura y deporte de rio negro lleva a los pasajeros del tren patagonico foto telam \/ marcelo ochoa\" width=\"1649\" height=\"1092\" srcset=\"https:\/\/www.rieles.com\/front\/wp-content\/uploads\/74039.jpg 1649w, https:\/\/www.rieles.com\/front\/wp-content\/uploads\/74039-300x199.jpg 300w, https:\/\/www.rieles.com\/front\/wp-content\/uploads\/74039-768x509.jpg 768w, https:\/\/www.rieles.com\/front\/wp-content\/uploads\/74039-1024x678.jpg 1024w, https:\/\/www.rieles.com\/front\/wp-content\/uploads\/74039-120x78.jpg 120w\" sizes=\"auto, (max-width: 1649px) 100vw, 1649px\" \/><\/a><figcaption id=\"caption-attachment-54809\" class=\"wp-caption-text\">foto telam \/ marcelo ochoa<\/figcaption><\/figure>\n<p style=\"text-align: justify;\">\u00ab\u00c9ste es el inicio del proyecto, la intenci\u00f3n es sostenerlo todo el a\u00f1o, no en todos los viajes pero s\u00ed una vez por mes sumando a nuevos autores -aclar\u00f3-. Tenemos material bibliogr\u00e1fico hasta mitad de a\u00f1o y si resulta bien, es decir que los usuarios se apropian del proyecto y le dan identidad, haremos un nuevo pedido para completar el a\u00f1o\u00bb.<\/p>\n<p style=\"text-align: justify;\">El material se lo entrega personalmente a los pasajeros el responsable del \u00e1rea de Extensi\u00f3n Literaria, Leandro Gavi\u00f1o. Los invita con cuadernillos que contienen vida y obra de Walsh, poemas del viedmense Fritz o postales de paisajes locales, desde el faro del Balneario El C\u00f3ndor en el Atl\u00e1ntico a la Cordillera de los Andes nevada.<\/p>\n<p style=\"text-align: justify;\"><a href=\"http:\/\/www.rieles.com\/front\/wp-content\/uploads\/74035.jpg\"><img loading=\"lazy\" decoding=\"async\" class=\"aligncenter size-full wp-image-54806\" src=\"http:\/\/www.rieles.com\/front\/wp-content\/uploads\/74035.jpg\" alt=\"74035\" width=\"1660\" height=\"1245\" srcset=\"https:\/\/www.rieles.com\/front\/wp-content\/uploads\/74035.jpg 1660w, https:\/\/www.rieles.com\/front\/wp-content\/uploads\/74035-300x225.jpg 300w, https:\/\/www.rieles.com\/front\/wp-content\/uploads\/74035-768x576.jpg 768w, https:\/\/www.rieles.com\/front\/wp-content\/uploads\/74035-1024x768.jpg 1024w\" sizes=\"auto, (max-width: 1660px) 100vw, 1660px\" \/><\/a><\/p>\n<p style=\"text-align: justify;\">\u201cPalabras sobre rieles\u201d tambi\u00e9n tiene como opciones de lectura entre los viajantes breves mitos y leyendas aut\u00f3ctonas como el de \u00abBernab\u00e9 Lucero y la Cueva del diablo\u00bb, el popular relato de un joven que devino famoso guitarrista al hacer un trato con el diablo en las Salinas del Gualicho.<\/p>\n<p style=\"text-align: justify;\">\u201cNosotros estamos trabajando sobre el patrimonio cultural intangible y revalorizando la identidad de los rionegrinos con la idea es rescatar ese sentimiento patrimonial que despierta el Tren Patag\u00f3nico en la provincia\u00bb, se\u00f1al\u00f3 por su parte Gavi\u00f1o, que en el viaje inaugural estuvo acompa\u00f1ado por los j\u00f3venes magos Diego Segura y M\u00e1giko del Castillo e intercalando shows entre estaciones.<\/p>\n<p style=\"text-align: justify;\"><a href=\"http:\/\/www.rieles.com\/front\/wp-content\/uploads\/74033.jpg\"><img loading=\"lazy\" decoding=\"async\" class=\"aligncenter size-full wp-image-54805\" src=\"http:\/\/www.rieles.com\/front\/wp-content\/uploads\/74033.jpg\" alt=\"74033\" width=\"1280\" height=\"720\" srcset=\"https:\/\/www.rieles.com\/front\/wp-content\/uploads\/74033.jpg 1280w, https:\/\/www.rieles.com\/front\/wp-content\/uploads\/74033-300x169.jpg 300w, https:\/\/www.rieles.com\/front\/wp-content\/uploads\/74033-768x432.jpg 768w, https:\/\/www.rieles.com\/front\/wp-content\/uploads\/74033-1024x576.jpg 1024w\" sizes=\"auto, (max-width: 1280px) 100vw, 1280px\" \/><\/a><\/p>\n<p style=\"text-align: justify;\">Gavi\u00f1o agreg\u00f3 que \u201cen este tramo del proyecto participar\u00e1n tambi\u00e9n magos provenientes de la provincia de Buenos Aires, que adem\u00e1s de hacer de magia repartir\u00e1n material\u201d.<\/p>\n<p style=\"text-align: justify;\">En su tr\u00e1nsito de Viedma a Bariloche, el Tren Patag\u00f3nico recorre una distancia de 826 kil\u00f3metros a un velocidad de 60 kil\u00f3metros por hora, un andar lento que se reanuda tras cada toque de campana en cada una de las estaciones.<\/p>\n<p style=\"text-align: justify;\">El viaje que comienza en la capital provincial cruza la Patagonia de oeste a este y finaliza en Bariloche, un emblem\u00e1tico paseo que va desde la \u00e1rida meseta, parando en estaciones como San Antonio Oeste e Ingeniero Jacobacci, hasta los frescos lagos, bosques y monta\u00f1as que enmarca la Cordillera de los Andes.<\/p>\n<p style=\"text-align: justify;\"><a href=\"http:\/\/www.rieles.com\/front\/wp-content\/uploads\/74036.jpg\"><img loading=\"lazy\" decoding=\"async\" class=\"aligncenter size-full wp-image-54807\" src=\"http:\/\/www.rieles.com\/front\/wp-content\/uploads\/74036.jpg\" alt=\"74036\" width=\"1200\" height=\"855\" srcset=\"https:\/\/www.rieles.com\/front\/wp-content\/uploads\/74036.jpg 1200w, https:\/\/www.rieles.com\/front\/wp-content\/uploads\/74036-300x214.jpg 300w, https:\/\/www.rieles.com\/front\/wp-content\/uploads\/74036-768x547.jpg 768w, https:\/\/www.rieles.com\/front\/wp-content\/uploads\/74036-1024x730.jpg 1024w\" sizes=\"auto, (max-width: 1200px) 100vw, 1200px\" \/><\/a><\/p>\n<p style=\"text-align: justify;\">La historia de este tren data de principios de siglo XX, se lee en el sitio web Ferrocarilles del Sud, cuando a fin de activar productivamente distintas regiones argentinas y conectar la zona cordillerana rionegrina con el Oc\u00e9ano Atl\u00e1ntico, el 28 de agosto de 1908 se dispuso la creaci\u00f3n del ferrocarril Puerto San Antonio al Lago Nahuel Huapi en R\u00edo Negro, por Ley 5559.<\/p>\n<p style=\"text-align: justify;\">Este circuito econ\u00f3mico tom\u00f3 en cuenta a Viedma y San Antonio Oeste, dos ciudades que se encontraban aisladas, y cuando en mayo de 1922 el ferrocarril lleg\u00f3 a Carmen de Patagones se dispuso la construcci\u00f3n de un ramal uniendo esa ciudad con San Antonio. Dos a\u00f1os m\u00e1s tarde, en tanto, se inaugur\u00f3 el servicio de trenes a San Carlos de Bariloche, la estaci\u00f3n terminal del recorrido actual.<\/p>\n<p style=\"text-align: justify;\">Casi 100 a\u00f1os despu\u00e9s, el Tren Patag\u00f3nico logr\u00f3 unir el sur de la provincia de este a oeste y le brinda a los turistas y pobladores de la zona la posibilidad de transportarse en un medio m\u00e1s econ\u00f3mico que el habitual.<\/p>\n<p style=\"text-align: justify;\">Tren Patag\u00f3nico es una empresa estatal provincial de transporte y servicio tur\u00edstico que concentra sus esfuerzos en la mejora constante para convertirse en una alternativa atrayente.<\/p>\n<p style=\"text-align: justify;\">\n<p style=\"text-align: justify;\">Fuente y fotograf\u00eda:\u00a0<a href=\"http:\/\/www.gacetamercantil.com\/notas\/115526\/\" target=\"_blank\"><span style=\"color: #ff0000;\">gacetamercantil<\/span><\/a><\/p>\n","protected":false},"excerpt":{"rendered":"<p>Con el fin de promover y revalorizar el patrimonio cultural identitario de la provincia, se lanz\u00f3 la iniciativa literaria \u00abPalabras sobre rieles\u00bb, que acerca textos de escritores locales a los viajantes. Con el fin de promover y revalorizar el patrimonio cultural identitario de la provincia, el Ministerio de Turismo, Cultura y Deporte de R\u00edo Negro [&hellip;]<\/p>\n","protected":false},"author":1,"featured_media":54804,"comment_status":"closed","ping_status":"open","sticky":false,"template":"","format":"standard","meta":{"footnotes":""},"categories":[4],"tags":[9644],"class_list":{"0":"post-54803","1":"post","2":"type-post","3":"status-publish","4":"format-standard","5":"has-post-thumbnail","7":"category-nacionales","8":"tag-news"},"_links":{"self":[{"href":"https:\/\/www.rieles.com\/front\/wp-json\/wp\/v2\/posts\/54803","targetHints":{"allow":["GET"]}}],"collection":[{"href":"https:\/\/www.rieles.com\/front\/wp-json\/wp\/v2\/posts"}],"about":[{"href":"https:\/\/www.rieles.com\/front\/wp-json\/wp\/v2\/types\/post"}],"author":[{"embeddable":true,"href":"https:\/\/www.rieles.com\/front\/wp-json\/wp\/v2\/users\/1"}],"replies":[{"embeddable":true,"href":"https:\/\/www.rieles.com\/front\/wp-json\/wp\/v2\/comments?post=54803"}],"version-history":[{"count":1,"href":"https:\/\/www.rieles.com\/front\/wp-json\/wp\/v2\/posts\/54803\/revisions"}],"predecessor-version":[{"id":54811,"href":"https:\/\/www.rieles.com\/front\/wp-json\/wp\/v2\/posts\/54803\/revisions\/54811"}],"wp:featuredmedia":[{"embeddable":true,"href":"https:\/\/www.rieles.com\/front\/wp-json\/wp\/v2\/media\/54804"}],"wp:attachment":[{"href":"https:\/\/www.rieles.com\/front\/wp-json\/wp\/v2\/media?parent=54803"}],"wp:term":[{"taxonomy":"category","embeddable":true,"href":"https:\/\/www.rieles.com\/front\/wp-json\/wp\/v2\/categories?post=54803"},{"taxonomy":"post_tag","embeddable":true,"href":"https:\/\/www.rieles.com\/front\/wp-json\/wp\/v2\/tags?post=54803"}],"curies":[{"name":"wp","href":"https:\/\/api.w.org\/{rel}","templated":true}]}}