{"id":57203,"date":"2017-03-17T09:35:00","date_gmt":"2017-03-17T12:35:00","guid":{"rendered":"http:\/\/www.rieles.com\/front\/?p=57203"},"modified":"2017-03-17T12:27:56","modified_gmt":"2017-03-17T15:27:56","slug":"mexico-el-tren-fuera-de-merida","status":"publish","type":"post","link":"https:\/\/www.rieles.com\/front\/mexico-el-tren-fuera-de-merida\/","title":{"rendered":"M\u00e9xico: El tren, fuera de M\u00e9rida"},"content":{"rendered":"<p style=\"text-align: justify;\">Enlace directo a Hunucm\u00e1 por la zona industrial<\/p>\n<p style=\"text-align: justify;\">Comienza la construcci\u00f3n de un centro ferroviario en Um\u00e1n: este a\u00f1o estar\u00eda listo<\/p>\n<p style=\"text-align: justify;\">Reducir costos de transporte de carga, evitar el paso del tren por M\u00e9rida y fortalecer las operaciones log\u00edsticas en el \u00e1rea metropolitana son los objetivos principales del nuevo centro ferroviario que ayer se comenz\u00f3 a construir en terrenos de Um\u00e1n.<\/p>\n<p style=\"text-align: justify;\">El nuevo centro sustituir\u00e1 al patio de maniobras en lo que fue la Estaci\u00f3n de Ferrocarriles, en el centro de la capital yucateca. Tendr\u00e1 una superficie de 15 hect\u00e1reas y 5.6 kil\u00f3metros de v\u00edas auxiliares, que permitir\u00e1n la funci\u00f3n de un \u00e1rea para carga y descarga que soporte cuatro mil toneladas por d\u00eda, as\u00ed como para clasificar los vagones de los trenes.<\/p>\n<p style=\"text-align: justify;\">Adem\u00e1s, se empez\u00f3 a construir una l\u00ednea de 16 kil\u00f3metros que enlazar\u00e1 directamente con la zona industrial que se comienza a formar en terrenos de Hunucm\u00e1. El proyecto estar\u00e1 integrado a la l\u00ednea Chiapas-Mayab y se espera que las obras concluyan este 2017.<\/p>\n<p style=\"text-align: justify;\">En el acto inicial que encabez\u00f3 el gobernador Rolanzo Zapata Bello, el presidente de Canacintra Yucat\u00e1n, Juan Manuel Ponce D\u00edaz, dijo que ese tipo de infraestructura es la que se necesita para que sigan llegando compa\u00f1\u00edas de clase mundial y fuentes de trabajo, como est\u00e1 ocurriendo en Hunucm\u00e1.<\/p>\n<p style=\"text-align: justify;\">\n<p style=\"text-align: justify;\">Fuente y fotograf\u00eda:\u00a0<a href=\"http:\/\/yucatan.com.mx\/merida\/el-tren-fuera-de-merida\" target=\"_blank\"><span style=\"color: #ff0000;\">yucatan<\/span><\/a><\/p>\n","protected":false},"excerpt":{"rendered":"<p>Enlace directo a Hunucm\u00e1 por la zona industrial Comienza la construcci\u00f3n de un centro ferroviario en Um\u00e1n: este a\u00f1o estar\u00eda listo Reducir costos de transporte de carga, evitar el paso del tren por M\u00e9rida y fortalecer las operaciones log\u00edsticas en el \u00e1rea metropolitana son los objetivos principales del nuevo centro ferroviario que ayer se comenz\u00f3 [&hellip;]<\/p>\n","protected":false},"author":1,"featured_media":57204,"comment_status":"closed","ping_status":"open","sticky":false,"template":"","format":"standard","meta":{"footnotes":""},"categories":[5],"tags":[9644],"class_list":{"0":"post-57203","1":"post","2":"type-post","3":"status-publish","4":"format-standard","5":"has-post-thumbnail","7":"category-internacionales","8":"tag-news"},"_links":{"self":[{"href":"https:\/\/www.rieles.com\/front\/wp-json\/wp\/v2\/posts\/57203","targetHints":{"allow":["GET"]}}],"collection":[{"href":"https:\/\/www.rieles.com\/front\/wp-json\/wp\/v2\/posts"}],"about":[{"href":"https:\/\/www.rieles.com\/front\/wp-json\/wp\/v2\/types\/post"}],"author":[{"embeddable":true,"href":"https:\/\/www.rieles.com\/front\/wp-json\/wp\/v2\/users\/1"}],"replies":[{"embeddable":true,"href":"https:\/\/www.rieles.com\/front\/wp-json\/wp\/v2\/comments?post=57203"}],"version-history":[{"count":1,"href":"https:\/\/www.rieles.com\/front\/wp-json\/wp\/v2\/posts\/57203\/revisions"}],"predecessor-version":[{"id":57205,"href":"https:\/\/www.rieles.com\/front\/wp-json\/wp\/v2\/posts\/57203\/revisions\/57205"}],"wp:featuredmedia":[{"embeddable":true,"href":"https:\/\/www.rieles.com\/front\/wp-json\/wp\/v2\/media\/57204"}],"wp:attachment":[{"href":"https:\/\/www.rieles.com\/front\/wp-json\/wp\/v2\/media?parent=57203"}],"wp:term":[{"taxonomy":"category","embeddable":true,"href":"https:\/\/www.rieles.com\/front\/wp-json\/wp\/v2\/categories?post=57203"},{"taxonomy":"post_tag","embeddable":true,"href":"https:\/\/www.rieles.com\/front\/wp-json\/wp\/v2\/tags?post=57203"}],"curies":[{"name":"wp","href":"https:\/\/api.w.org\/{rel}","templated":true}]}}