{"id":59451,"date":"2017-05-08T12:43:11","date_gmt":"2017-05-08T15:43:11","guid":{"rendered":"http:\/\/www.rieles.com\/front\/?p=59451"},"modified":"2017-05-08T12:43:11","modified_gmt":"2017-05-08T15:43:11","slug":"piden-a-macri-que-incluya-al-corredor-bioceanico-en-la-agenda-con-china","status":"publish","type":"post","link":"https:\/\/www.rieles.com\/front\/piden-a-macri-que-incluya-al-corredor-bioceanico-en-la-agenda-con-china\/","title":{"rendered":"Piden a Macri que incluya al Corredor Bioce\u00e1nico en la agenda con China"},"content":{"rendered":"<p style=\"text-align: justify;\">Se trata de las provincias de La Rioja, C\u00f3rdoba, Catamarca, Santa Fe y Entre R\u00edos. \u00abPuede cambiar la econom\u00eda del NOA\u00bb, aseguraron.<\/p>\n<p style=\"text-align: justify;\">A trav\u00e9s de un documento que elevaron al Ejecutivo Nacional, gobernadores de las provincias de La Rioja, C\u00f3rdoba, Catamarca, Santa Fe y Entre R\u00edos le solicitaron al presidente Macri que \u201cavance en la realizaci\u00f3n del Corredor Bioce\u00e1nico NOA-Centro\u201d y lo incluya en la agenda que llevar\u00e1 en su viaje a China, dado que lo consideran una \u201cherramienta fundamental para el desarrollo de las regiones\u201d.<\/p>\n<p style=\"text-align: justify;\">\u201cPuede cambiar la econom\u00eda de las provincias del NOA, principalmente por la conexi\u00f3n de los puertos de ambos pa\u00edses v\u00eda oc\u00e9ano Atl\u00e1ntico y Pac\u00edfico\u201d, expresaron, al tiempo que consideraron \u201cestrat\u00e9gica la consolidaci\u00f3n del Corredor Bioce\u00e1nico Ferroviario de la Regi\u00f3n Centro-Atacalar, porque es una herramienta fundamental para el desarrollo e integraci\u00f3n de nuestras regiones. Esto podr\u00eda generar relaciones productivas y comerciales entre la Argentina y China por su importancia econ\u00f3mica actual\u201d.<\/p>\n<p style=\"text-align: justify;\">En ese sentido, indicaron que \u201ceste proyecto comprender\u00e1 la realizaci\u00f3n de obras de infraestructura, transporte y log\u00edstica, con el objetivo de conectar los puertos del Atl\u00e1ntico y las regiones productivas de nuestro pa\u00eds con los puertos de aguas profundas de la Tercer Regi\u00f3n de Chile, con miras a los mercados del Asia Pac\u00edfico\u201d.<\/p>\n<p style=\"text-align: justify;\">\u201cTenemos la voluntad de avanzar en la ejecuci\u00f3n de proyectos necesarios e impostergables que requieren del fuerzo mancomunado de cada provincia. El proyecto ha sido presentado ante actores tanto del sector p\u00fablico como privado de la Rep\u00fablica Popular de China y existe el inter\u00e9s por parte de los mismos, en construir y financiar el desarrollo de la obra\u201d, agregaron.<\/p>\n<p style=\"text-align: justify;\">Finalmente, los gobernadores expresaron que \u201ccontando la obra con la factibilidad t\u00e9cnica, razonabilidad econ\u00f3mica y dada la importancia que representa para la regi\u00f3n, es que solicitamos que la tem\u00e1tica sea incorporada dentro de la agenda de la visita del presidente Macri a China\u201d.<\/p>\n<p style=\"text-align: justify;\">\n<p style=\"text-align: justify;\">Fuente y fotograf\u00eda:\u00a0<a href=\"http:\/\/www.infocampo.com.ar\/gobernadores-le-pidieron-a-macri-que-incluya-al-corredor-bioceanico-en-la-agenda-con-china\/\" target=\"_blank\" rel=\"noopener noreferrer\"><span style=\"color: #ff0000;\"><strong>infocampo<\/strong><\/span><\/a><\/p>\n","protected":false},"excerpt":{"rendered":"<p>Se trata de las provincias de La Rioja, C\u00f3rdoba, Catamarca, Santa Fe y Entre R\u00edos. \u00abPuede cambiar la econom\u00eda del NOA\u00bb, aseguraron. A trav\u00e9s de un documento que elevaron al Ejecutivo Nacional, gobernadores de las provincias de La Rioja, C\u00f3rdoba, Catamarca, Santa Fe y Entre R\u00edos le solicitaron al presidente Macri que \u201cavance en la [&hellip;]<\/p>\n","protected":false},"author":1,"featured_media":59452,"comment_status":"closed","ping_status":"open","sticky":false,"template":"","format":"standard","meta":{"footnotes":""},"categories":[4],"tags":[9644],"class_list":{"0":"post-59451","1":"post","2":"type-post","3":"status-publish","4":"format-standard","5":"has-post-thumbnail","7":"category-nacionales","8":"tag-news"},"_links":{"self":[{"href":"https:\/\/www.rieles.com\/front\/wp-json\/wp\/v2\/posts\/59451","targetHints":{"allow":["GET"]}}],"collection":[{"href":"https:\/\/www.rieles.com\/front\/wp-json\/wp\/v2\/posts"}],"about":[{"href":"https:\/\/www.rieles.com\/front\/wp-json\/wp\/v2\/types\/post"}],"author":[{"embeddable":true,"href":"https:\/\/www.rieles.com\/front\/wp-json\/wp\/v2\/users\/1"}],"replies":[{"embeddable":true,"href":"https:\/\/www.rieles.com\/front\/wp-json\/wp\/v2\/comments?post=59451"}],"version-history":[{"count":1,"href":"https:\/\/www.rieles.com\/front\/wp-json\/wp\/v2\/posts\/59451\/revisions"}],"predecessor-version":[{"id":59453,"href":"https:\/\/www.rieles.com\/front\/wp-json\/wp\/v2\/posts\/59451\/revisions\/59453"}],"wp:featuredmedia":[{"embeddable":true,"href":"https:\/\/www.rieles.com\/front\/wp-json\/wp\/v2\/media\/59452"}],"wp:attachment":[{"href":"https:\/\/www.rieles.com\/front\/wp-json\/wp\/v2\/media?parent=59451"}],"wp:term":[{"taxonomy":"category","embeddable":true,"href":"https:\/\/www.rieles.com\/front\/wp-json\/wp\/v2\/categories?post=59451"},{"taxonomy":"post_tag","embeddable":true,"href":"https:\/\/www.rieles.com\/front\/wp-json\/wp\/v2\/tags?post=59451"}],"curies":[{"name":"wp","href":"https:\/\/api.w.org\/{rel}","templated":true}]}}