{"id":60456,"date":"2017-05-29T10:05:02","date_gmt":"2017-05-29T13:05:02","guid":{"rendered":"http:\/\/www.rieles.com\/front\/?p=60456"},"modified":"2017-05-29T14:51:40","modified_gmt":"2017-05-29T17:51:40","slug":"la-estacion-hospitales-de-la-linea-h-cumple-4-anos","status":"publish","type":"post","link":"https:\/\/www.rieles.com\/front\/la-estacion-hospitales-de-la-linea-h-cumple-4-anos\/","title":{"rendered":"La estaci\u00f3n Hospitales de la L\u00ednea H cumple 4 a\u00f1os"},"content":{"rendered":"<p>Se trata de la cabecera sur de la l\u00ednea m\u00e1s nueva de la ciudad.<\/p>\n<p>El 27 de mayo de 2013 inauguramos la estaci\u00f3n Hospitales, cabecera sur de la L\u00ednea H. Ahora, m\u00e1s de 8.000 vecinos por d\u00eda inician sus viajes all\u00ed y pueden combinar con las l\u00edneas A, B, D y E.<\/p>\n<p><a href=\"http:\/\/www.rieles.com\/front\/wp-content\/uploads\/leandro_frizzera_y_martin_ron_-_tita_merello.jpg\"><img loading=\"lazy\" decoding=\"async\" class=\"aligncenter size-full wp-image-60458\" src=\"http:\/\/www.rieles.com\/front\/wp-content\/uploads\/leandro_frizzera_y_martin_ron_-_tita_merello.jpg\" alt=\"\" width=\"700\" height=\"467\" srcset=\"https:\/\/www.rieles.com\/front\/wp-content\/uploads\/leandro_frizzera_y_martin_ron_-_tita_merello.jpg 700w, https:\/\/www.rieles.com\/front\/wp-content\/uploads\/leandro_frizzera_y_martin_ron_-_tita_merello-300x200.jpg 300w\" sizes=\"auto, (max-width: 700px) 100vw, 700px\" \/><\/a><\/p>\n<p>Como todas las estaciones de esta l\u00ednea, Hospitales es 100% accesible para que viajen las personas con movilidad reducida. Cuenta con ascensores, escaleras mec\u00e1nicas, solados gu\u00edas y se\u00f1alizaci\u00f3n en sistema Braille.<\/p>\n<p>Adem\u00e1s, en cumplimiento de la ley N\u00b0 1024, que denomin\u00f3 a la L\u00ednea H \u201cPaseo Tur\u00edstico-cultural Subterr\u00e1neo del Tango\u201d, la estaci\u00f3n homenajea a \u00c1ngel Villoldo, con intervenciones de Leandro Frizzera y Mart\u00edn Ron.<\/p>\n<p>Con su flota totalmente renovada, la L\u00ednea H conecta sur y norte de la ciudad, desde el barrio de Parque Patricios hasta Recoleta.<\/p>\n<p>\u00a1Conocela!<\/p>\n<p><iframe loading=\"lazy\" title=\"La estaci\u00f3n Hospitales de la L\u00ednea H cumple 4 a\u00f1os\" width=\"696\" height=\"392\" src=\"https:\/\/www.youtube.com\/embed\/u8UJJMkHlEY?feature=oembed\" frameborder=\"0\" allow=\"accelerometer; autoplay; clipboard-write; encrypted-media; gyroscope; picture-in-picture\" allowfullscreen><\/iframe><\/p>\n<p>&nbsp;<\/p>\n<p>&nbsp;<\/p>\n<p>Fuente y fotograf\u00eda:<a href=\"http:\/\/www.buenosaires.gob.ar\/noticias\/la-estacion-hospitales-de-la-linea-h-cumple-4-anos\" target=\"_blank\" rel=\"noopener noreferrer\"><span style=\"color: #ff0000;\"><strong>\u00a0buenosaires<\/strong><\/span><\/a><\/p>\n","protected":false},"excerpt":{"rendered":"<p>Se trata de la cabecera sur de la l\u00ednea m\u00e1s nueva de la ciudad. El 27 de mayo de 2013 inauguramos la estaci\u00f3n Hospitales, cabecera sur de la L\u00ednea H. Ahora, m\u00e1s de 8.000 vecinos por d\u00eda inician sus viajes all\u00ed y pueden combinar con las l\u00edneas A, B, D y E. Como todas las [&hellip;]<\/p>\n","protected":false},"author":1,"featured_media":60458,"comment_status":"closed","ping_status":"open","sticky":false,"template":"","format":"standard","meta":{"footnotes":""},"categories":[4],"tags":[9644],"class_list":{"0":"post-60456","1":"post","2":"type-post","3":"status-publish","4":"format-standard","5":"has-post-thumbnail","7":"category-nacionales","8":"tag-news"},"_links":{"self":[{"href":"https:\/\/www.rieles.com\/front\/wp-json\/wp\/v2\/posts\/60456","targetHints":{"allow":["GET"]}}],"collection":[{"href":"https:\/\/www.rieles.com\/front\/wp-json\/wp\/v2\/posts"}],"about":[{"href":"https:\/\/www.rieles.com\/front\/wp-json\/wp\/v2\/types\/post"}],"author":[{"embeddable":true,"href":"https:\/\/www.rieles.com\/front\/wp-json\/wp\/v2\/users\/1"}],"replies":[{"embeddable":true,"href":"https:\/\/www.rieles.com\/front\/wp-json\/wp\/v2\/comments?post=60456"}],"version-history":[{"count":1,"href":"https:\/\/www.rieles.com\/front\/wp-json\/wp\/v2\/posts\/60456\/revisions"}],"predecessor-version":[{"id":60459,"href":"https:\/\/www.rieles.com\/front\/wp-json\/wp\/v2\/posts\/60456\/revisions\/60459"}],"wp:featuredmedia":[{"embeddable":true,"href":"https:\/\/www.rieles.com\/front\/wp-json\/wp\/v2\/media\/60458"}],"wp:attachment":[{"href":"https:\/\/www.rieles.com\/front\/wp-json\/wp\/v2\/media?parent=60456"}],"wp:term":[{"taxonomy":"category","embeddable":true,"href":"https:\/\/www.rieles.com\/front\/wp-json\/wp\/v2\/categories?post=60456"},{"taxonomy":"post_tag","embeddable":true,"href":"https:\/\/www.rieles.com\/front\/wp-json\/wp\/v2\/tags?post=60456"}],"curies":[{"name":"wp","href":"https:\/\/api.w.org\/{rel}","templated":true}]}}