{"id":60664,"date":"2017-06-01T14:36:00","date_gmt":"2017-06-01T17:36:00","guid":{"rendered":"http:\/\/www.rieles.com\/front\/?p=60664"},"modified":"2017-06-01T16:38:27","modified_gmt":"2017-06-01T19:38:27","slug":"subte-la-estacion-medrano-de-la-linea-b-pasara-a-llamarse-medrano-almagro","status":"publish","type":"post","link":"https:\/\/www.rieles.com\/front\/subte-la-estacion-medrano-de-la-linea-b-pasara-a-llamarse-medrano-almagro\/","title":{"rendered":"Subte: la estaci\u00f3n Medrano de la l\u00ednea B pasar\u00e1 a llamarse \u00abMedrano &#8211; Almagro\u00bb"},"content":{"rendered":"<p style=\"text-align: justify;\">La Legislatura porte\u00f1a aprob\u00f3 a\u00f1adirle una palabra a la nomenclatura de la estaci\u00f3n<\/p>\n<p style=\"text-align: justify;\">La Legislatura porte\u00f1a aprob\u00f3 este jueves durante del nombre \u00abAlmagro\u00bb a la Estaci\u00f3n \u201cMedrano\u201d de la L\u00ednea B de Subte, por lo que pasar\u00e1 a llamarse \u00abMedrano &#8211; Almagro\u00bb.<\/p>\n<p style=\"text-align: justify;\">\u00abEstamos concretando un viejo reclamo de los vecinos de la Comuna 5 y brind\u00e1ndoles la posibilidad de que la estaci\u00f3n &#8216;Medrano&#8217; lleve el nombre de este porte\u00f1\u00edsimo barrio de tango, como una forma de reencontrarse con sus ra\u00edces y su cultura, ya que sin cultura no hay identidad\u201d, afirm\u00f3 la legisladora Silvia Gottero del Bloque Peronista, una de las autoras del proyecto. Los otros autores fueron Carolina Estebarena, del PRO, y Gabriel Fuks, de la Corriente Nacional de la Militancia.<\/p>\n<p style=\"text-align: justify;\">\u00abEs un orgullo para todos los que viven y transitan por Almagro que la estaci\u00f3n, ubicada en pleno coraz\u00f3n del barrio, lleve su nombre y empape con su historia ese punto clave de la Ciudad\u00bb, agreg\u00f3 Gottero<\/p>\n<p style=\"text-align: justify;\">Inaugurada el 17 de octubre de 1930 junto como el primer tramo de la L\u00ednea B, que por entonces comprend\u00eda las estaciones que van desde Federico Lacroze hasta Callao, la estaci\u00f3n Medrano incluy\u00f3 avances tecnol\u00f3gicos impensados para la \u00e9poca como el cruce por debajo del arroyo Maldonado, la se\u00f1alizaci\u00f3n luminosa autom\u00e1tica, los primeros molinetes a cospel de la red y las primeras escaleras mec\u00e1nicas de Am\u00e9rica Latina en los accesos a varias de sus estaciones.<\/p>\n<p style=\"text-align: justify;\">Por su parte, Almagro sigue siendo en la actualidad uno de los barrios m\u00e1s tradicionales de la Ciudad relacionado al tango y a los t\u00edpicos caf\u00e9s porte\u00f1os. Por sus calles y bares circularon muchos grandes artistas y tiene el privilegio de ser el primer escenario que escuch\u00f3 cantar a Carlos Gardel.<\/p>\n<p style=\"text-align: justify;\">La norma hab\u00eda sido aprobada en primera lectura en la Sesi\u00f3n del 20 de octubre de 2016 sobre un despacho de la Comisi\u00f3n de Cultura. La Audiencia P\u00fablica correspondiente tuvo lugar en abril de este a\u00f1o y, finalmente, obtuvo aprobaci\u00f3n definitiva gracias al voto positivo de la unanimidad del Cuerpo parlamentario.<\/p>\n<p style=\"text-align: justify;\">\n<p style=\"text-align: justify;\">Fuente y fotograf\u00eda: \u00a0<a href=\"http:\/\/www.girabsas.com\/nota\/2017-6-1-14-27-0-subte-la-estacion-medrano-de-la-linea-b-pasara-a-llamarse-medrano---almagro\" target=\"_blank\" rel=\"noopener noreferrer\"><span style=\"color: #ff0000;\"><strong>girabsas<\/strong><\/span><\/a><\/p>\n","protected":false},"excerpt":{"rendered":"<p>La Legislatura porte\u00f1a aprob\u00f3 a\u00f1adirle una palabra a la nomenclatura de la estaci\u00f3n La Legislatura porte\u00f1a aprob\u00f3 este jueves durante del nombre \u00abAlmagro\u00bb a la Estaci\u00f3n \u201cMedrano\u201d de la L\u00ednea B de Subte, por lo que pasar\u00e1 a llamarse \u00abMedrano &#8211; Almagro\u00bb. \u00abEstamos concretando un viejo reclamo de los vecinos de la Comuna 5 y [&hellip;]<\/p>\n","protected":false},"author":1,"featured_media":60665,"comment_status":"closed","ping_status":"open","sticky":false,"template":"","format":"standard","meta":{"footnotes":""},"categories":[4],"tags":[9644],"class_list":["post-60664","post","type-post","status-publish","format-standard","has-post-thumbnail","category-nacionales","tag-news"],"_links":{"self":[{"href":"https:\/\/www.rieles.com\/front\/wp-json\/wp\/v2\/posts\/60664","targetHints":{"allow":["GET"]}}],"collection":[{"href":"https:\/\/www.rieles.com\/front\/wp-json\/wp\/v2\/posts"}],"about":[{"href":"https:\/\/www.rieles.com\/front\/wp-json\/wp\/v2\/types\/post"}],"author":[{"embeddable":true,"href":"https:\/\/www.rieles.com\/front\/wp-json\/wp\/v2\/users\/1"}],"replies":[{"embeddable":true,"href":"https:\/\/www.rieles.com\/front\/wp-json\/wp\/v2\/comments?post=60664"}],"version-history":[{"count":1,"href":"https:\/\/www.rieles.com\/front\/wp-json\/wp\/v2\/posts\/60664\/revisions"}],"predecessor-version":[{"id":60666,"href":"https:\/\/www.rieles.com\/front\/wp-json\/wp\/v2\/posts\/60664\/revisions\/60666"}],"wp:featuredmedia":[{"embeddable":true,"href":"https:\/\/www.rieles.com\/front\/wp-json\/wp\/v2\/media\/60665"}],"wp:attachment":[{"href":"https:\/\/www.rieles.com\/front\/wp-json\/wp\/v2\/media?parent=60664"}],"wp:term":[{"taxonomy":"category","embeddable":true,"href":"https:\/\/www.rieles.com\/front\/wp-json\/wp\/v2\/categories?post=60664"},{"taxonomy":"post_tag","embeddable":true,"href":"https:\/\/www.rieles.com\/front\/wp-json\/wp\/v2\/tags?post=60664"}],"curies":[{"name":"wp","href":"https:\/\/api.w.org\/{rel}","templated":true}]}}