{"id":63228,"date":"2017-08-08T12:24:24","date_gmt":"2017-08-08T15:24:24","guid":{"rendered":"http:\/\/www.rieles.com\/front\/?p=63228"},"modified":"2017-08-08T12:24:24","modified_gmt":"2017-08-08T15:24:24","slug":"mas-de-100-ideas-para-crear-el-parque-quino-en-guaymallen","status":"publish","type":"post","link":"https:\/\/www.rieles.com\/front\/mas-de-100-ideas-para-crear-el-parque-quino-en-guaymallen\/","title":{"rendered":"M\u00e1s de 100 ideas para crear el Parque Quino en Guaymall\u00e9n"},"content":{"rendered":"<p style=\"text-align: justify;\">Levantaron un centro cultural en homenaje a Julio Le Parc a cuadras de donde vivi\u00f3 y estudi\u00f3 Joaqu\u00edn Lavado. Al maestro Quino le dedicaron un estudio de TV del canal Acequia en el subsuelo&#8230; Por ello, en su momento desde MDZ cre\u00edmos que era importante reconocer tambi\u00e9n al gran dibujante y fil\u00f3sofo con humor. Hasta llegamos a plantear como detonante: \u00bfPor qu\u00e9 no cambiar el nombre de Guaymall\u00e9n por el de Quino, ya que ese fue su lugar en el mundo y eso colocar\u00eda al municipio en el planeta con mayor claridad? Hablamos con Quino y se sinti\u00f3 apabullado por la idea.<\/p>\n<p style=\"text-align: justify;\">Sin embargo, la Municipalidad de Guaymall\u00e9n, el Gobierno de Mendoza y el BID lanzaron un concurso internacional de ideas para que el predio adyacente al Le PArc, el terreno ferroviario, se transforme en el Parque Quino. Ya hay 101 proyectos en el que participaron 70 universidades de trece pa\u00edses: Argentina, Colombia, M\u00e9xico, Per\u00fa, Bolivia, Ecuador, Brasil, Panam\u00e1, Venezuela, Guatemala, Costa Rica, Chile y Honduras.<\/p>\n<p style=\"text-align: justify;\"><a href=\"http:\/\/www.rieles.com\/front\/wp-content\/uploads\/5989ba41648b9_644_.jpg\"><img loading=\"lazy\" decoding=\"async\" class=\"aligncenter size-full wp-image-63230\" src=\"http:\/\/www.rieles.com\/front\/wp-content\/uploads\/5989ba41648b9_644_.jpg\" alt=\"\" width=\"644\" height=\"434\" srcset=\"https:\/\/www.rieles.com\/front\/wp-content\/uploads\/5989ba41648b9_644_.jpg 644w, https:\/\/www.rieles.com\/front\/wp-content\/uploads\/5989ba41648b9_644_-300x202.jpg 300w\" sizes=\"auto, (max-width: 644px) 100vw, 644px\" \/><\/a><\/p>\n<p style=\"text-align: justify;\">El Banco Interamericano de Desarrollo inform\u00f3 que el pr\u00f3ximo lunes 21 de agosto de 2017 ser\u00e1n publicados en la web oficial del concurso los equipos clasificados a la FASE II, quienes tendr\u00e1n la oportunidad de profundizar en el desarrollo de su proyecto.<\/p>\n<p style=\"text-align: justify;\">De acuerdo con las bases del concurso, una vez evaluados los proyectos finales, el panel de jurados elegir\u00e1 los 3 equipos finalistas, quienes viajar\u00e1n a la ciudad de Mendoza en marzo de 2018 para presentar sus ideas ante las autoridades de la ciudad, especialistas del Banco e invitados especiales en el marco de la asamblea anual del BID.<\/p>\n<p style=\"text-align: justify;\">El Maestro Quino, tendr\u00e1 su lugar en Mendoza y ser\u00e1 un parque en el que decenas de latinoamericanos -y no solo sus vecinos- so\u00f1aron c\u00f3mo rendirle el mejor homenaje.<\/p>\n<p style=\"text-align: justify;\">\n<p style=\"text-align: justify;\">Fuente y fotograf\u00eda:\u00a0<a href=\"http:\/\/www.mdzol.com\/nota\/748363-mas-de-100-ideas-para-crear-el-parque-quino-en-guaymallen\/\" target=\"_blank\" rel=\"noopener noreferrer\"><span style=\"color: #ff0000;\"><strong>mdzol<\/strong><\/span><\/a><\/p>\n","protected":false},"excerpt":{"rendered":"<p>Levantaron un centro cultural en homenaje a Julio Le Parc a cuadras de donde vivi\u00f3 y estudi\u00f3 Joaqu\u00edn Lavado. Al maestro Quino le dedicaron un estudio de TV del canal Acequia en el subsuelo&#8230; Por ello, en su momento desde MDZ cre\u00edmos que era importante reconocer tambi\u00e9n al gran dibujante y fil\u00f3sofo con humor. Hasta [&hellip;]<\/p>\n","protected":false},"author":1,"featured_media":63229,"comment_status":"closed","ping_status":"open","sticky":false,"template":"","format":"standard","meta":{"footnotes":""},"categories":[4],"tags":[9644],"class_list":["post-63228","post","type-post","status-publish","format-standard","has-post-thumbnail","category-nacionales","tag-news"],"_links":{"self":[{"href":"https:\/\/www.rieles.com\/front\/wp-json\/wp\/v2\/posts\/63228","targetHints":{"allow":["GET"]}}],"collection":[{"href":"https:\/\/www.rieles.com\/front\/wp-json\/wp\/v2\/posts"}],"about":[{"href":"https:\/\/www.rieles.com\/front\/wp-json\/wp\/v2\/types\/post"}],"author":[{"embeddable":true,"href":"https:\/\/www.rieles.com\/front\/wp-json\/wp\/v2\/users\/1"}],"replies":[{"embeddable":true,"href":"https:\/\/www.rieles.com\/front\/wp-json\/wp\/v2\/comments?post=63228"}],"version-history":[{"count":1,"href":"https:\/\/www.rieles.com\/front\/wp-json\/wp\/v2\/posts\/63228\/revisions"}],"predecessor-version":[{"id":63231,"href":"https:\/\/www.rieles.com\/front\/wp-json\/wp\/v2\/posts\/63228\/revisions\/63231"}],"wp:featuredmedia":[{"embeddable":true,"href":"https:\/\/www.rieles.com\/front\/wp-json\/wp\/v2\/media\/63229"}],"wp:attachment":[{"href":"https:\/\/www.rieles.com\/front\/wp-json\/wp\/v2\/media?parent=63228"}],"wp:term":[{"taxonomy":"category","embeddable":true,"href":"https:\/\/www.rieles.com\/front\/wp-json\/wp\/v2\/categories?post=63228"},{"taxonomy":"post_tag","embeddable":true,"href":"https:\/\/www.rieles.com\/front\/wp-json\/wp\/v2\/tags?post=63228"}],"curies":[{"name":"wp","href":"https:\/\/api.w.org\/{rel}","templated":true}]}}