{"id":67984,"date":"2017-12-07T09:08:09","date_gmt":"2017-12-07T12:08:09","guid":{"rendered":"http:\/\/www.rieles.com\/front\/?p=67984"},"modified":"2017-12-07T14:15:06","modified_gmt":"2017-12-07T17:15:06","slug":"puerto-rico-en-unas-semanas-comenzaria-el-tren","status":"publish","type":"post","link":"https:\/\/www.rieles.com\/front\/puerto-rico-en-unas-semanas-comenzaria-el-tren\/","title":{"rendered":"Puerto Rico: En unas semanas comenzar\u00eda el tren"},"content":{"rendered":"<p style=\"text-align: justify;\">Se espera que el transporte, que moviliza de 26,000 a 30,000 personas al d\u00eda, reinicie operaciones pronto.<\/p>\n<p style=\"text-align: justify;\">El Tren Urbano est\u00e1 completando las pruebas necesarias y espera arrancar otra vez antes de que acabe el a\u00f1o, seg\u00fan confirm\u00f3 el ingeniero Luis Abreu Noble, director ejecutivo de Autoridad de Transporte Integrado (ATI).<\/p>\n<p style=\"text-align: justify;\">\u201cYa hemos energizado las subestaciones que proveen energ\u00eda al tren, que son cinco distribuidas a lo largo de la alineaci\u00f3n del tren. Eso nos ha permitido hacer pruebas\u201d, celebr\u00f3 Abreu.<\/p>\n<p>El ingeniero detall\u00f3 que como parte de las pruebas han verificado las comunicaciones entre las estaciones y entre el tren y las estaciones, as\u00ed como las condiciones de todos los vagones, las v\u00edas y las estaciones.<br \/>\nActualmente, ya est\u00e1n probando dos trenes con varios vagones, uno en cada direcci\u00f3n.<\/p>\n<p style=\"text-align: justify;\">\u201cTienen que correr varios d\u00edas para ver el comportamiento de la v\u00eda, de la energ\u00eda\u201d, aclar\u00f3 el ingeniero. \u201cAhora vamos a iniciar esas corridas, pero con la participaci\u00f3n de la AEMEAD. Ellos son los que nos tienen que certificar que estamos en cumplimiento de (reglas de) seguridad y todo lo relacionado con el servicio al p\u00fablico, la ruta, las paradas\u201d, detall\u00f3.<\/p>\n<p style=\"text-align: justify;\">En cuanto a las estaciones, tres de ellas aun tienen situaciones que est\u00e1n atendi\u00e9ndose.<\/p>\n<p style=\"text-align: justify;\">\u201c(La estaci\u00f3n) R\u00edo Piedras est\u00e1 en limpieza y debe estar lista. Pi\u00f1ero y Domenech recibieron da\u00f1os estructurales (por el azote de Mar\u00eda) y cayeron algunos paneles. Se contrat\u00f3 una firma de ingenieros que las revisaron y emitieron recomendaciones que se est\u00e1n trabajando\u201d, explic\u00f3 Abreu, agregando que en el caso de que alguna estaci\u00f3n no est\u00e9 lista para la reapertura se correr\u00eda el tren sin parar en esa estaci\u00f3n hasta que se pueda reabrir m\u00e1s adelante.<\/p>\n<p>El tren urbano transportaba un promedio diario de ente 26,000 a 30,000 personas.<\/p>\n<p style=\"text-align: justify;\">Por Osman P\u00e9rez M\u00e9ndez<\/p>\n<p>&nbsp;<\/p>\n<p>Fuente y fotograf\u00eda:\u00a0<a href=\"http:\/\/www.primerahora.com\/noticias\/puerto-rico\/nota\/enunassemanascomenzariaeltren-1258686\/\" target=\"_blank\" rel=\"noopener\"><span style=\"color: #ff0000;\"><strong>primerahora<\/strong><\/span><\/a><\/p>\n","protected":false},"excerpt":{"rendered":"<p>Se espera que el transporte, que moviliza de 26,000 a 30,000 personas al d\u00eda, reinicie operaciones pronto. El Tren Urbano est\u00e1 completando las pruebas necesarias y espera arrancar otra vez antes de que acabe el a\u00f1o, seg\u00fan confirm\u00f3 el ingeniero Luis Abreu Noble, director ejecutivo de Autoridad de Transporte Integrado (ATI). \u201cYa hemos energizado las [&hellip;]<\/p>\n","protected":false},"author":1,"featured_media":67985,"comment_status":"closed","ping_status":"open","sticky":false,"template":"","format":"standard","meta":{"footnotes":""},"categories":[5],"tags":[9644],"class_list":{"0":"post-67984","1":"post","2":"type-post","3":"status-publish","4":"format-standard","5":"has-post-thumbnail","7":"category-internacionales","8":"tag-news"},"_links":{"self":[{"href":"https:\/\/www.rieles.com\/front\/wp-json\/wp\/v2\/posts\/67984","targetHints":{"allow":["GET"]}}],"collection":[{"href":"https:\/\/www.rieles.com\/front\/wp-json\/wp\/v2\/posts"}],"about":[{"href":"https:\/\/www.rieles.com\/front\/wp-json\/wp\/v2\/types\/post"}],"author":[{"embeddable":true,"href":"https:\/\/www.rieles.com\/front\/wp-json\/wp\/v2\/users\/1"}],"replies":[{"embeddable":true,"href":"https:\/\/www.rieles.com\/front\/wp-json\/wp\/v2\/comments?post=67984"}],"version-history":[{"count":2,"href":"https:\/\/www.rieles.com\/front\/wp-json\/wp\/v2\/posts\/67984\/revisions"}],"predecessor-version":[{"id":68053,"href":"https:\/\/www.rieles.com\/front\/wp-json\/wp\/v2\/posts\/67984\/revisions\/68053"}],"wp:featuredmedia":[{"embeddable":true,"href":"https:\/\/www.rieles.com\/front\/wp-json\/wp\/v2\/media\/67985"}],"wp:attachment":[{"href":"https:\/\/www.rieles.com\/front\/wp-json\/wp\/v2\/media?parent=67984"}],"wp:term":[{"taxonomy":"category","embeddable":true,"href":"https:\/\/www.rieles.com\/front\/wp-json\/wp\/v2\/categories?post=67984"},{"taxonomy":"post_tag","embeddable":true,"href":"https:\/\/www.rieles.com\/front\/wp-json\/wp\/v2\/tags?post=67984"}],"curies":[{"name":"wp","href":"https:\/\/api.w.org\/{rel}","templated":true}]}}