{"id":67987,"date":"2017-12-07T10:14:19","date_gmt":"2017-12-07T13:14:19","guid":{"rendered":"http:\/\/www.rieles.com\/front\/?p=67987"},"modified":"2017-12-07T10:15:16","modified_gmt":"2017-12-07T13:15:16","slug":"la-transformacion-de-el-tren-a-las-nubes-un-viaje-que-incluye-10-horas-en-bus","status":"publish","type":"post","link":"https:\/\/www.rieles.com\/front\/la-transformacion-de-el-tren-a-las-nubes-un-viaje-que-incluye-10-horas-en-bus\/","title":{"rendered":"La transformaci\u00f3n de El Tren a las Nubes: un viaje que incluye 10 horas en bus"},"content":{"rendered":"<p style=\"text-align: justify;\">El ramal C 14 que une Salta con Antofagasta se mantiene apenas operativo mientras que la excursi\u00f3n conocida como Tren a las Nubes -que iba de Salta hasta el Viaducto La Polvorilla- se reconvirti\u00f3 por falta de mantenimiento<\/p>\n<p style=\"text-align: justify;\">\u00abEl circuito 2016 del Tren a las Nubes incluye salida en veh\u00edculo desde la ciudad de Salta.\u00bb dice la home de la p\u00e1gina oficial de este emblema salte\u00f1o. \u00bfPor qu\u00e9 un viaje en tren incluye una salida en bus? Hay que remontarse al \u00faltimo descarrilamiento -de una larga serie por falta de inversiones- en julio de 2014 para rastrear el momento en que las autoridades provinciales crearon esta propuesta de Bus-Tren-Bus, que ofrece una salida de d\u00eda completo desde Salta, viajando en micro hasta San Antonio de los Cobres, para trepar reci\u00e9n all\u00ed al m\u00edtico ramal C 14, andar una hora hasta el famoso Viaducto La Polvorilla, y regresar a la media hora, para volver al bus, y de ah\u00ed a Salta.<\/p>\n<figure id=\"attachment_67988\" aria-describedby=\"caption-attachment-67988\" style=\"width: 640px\" class=\"wp-caption aligncenter\"><a href=\"http:\/\/www.rieles.com\/front\/wp-content\/uploads\/revista-lugares-2583142w640.jpg\"><img loading=\"lazy\" decoding=\"async\" class=\"size-full wp-image-67988\" src=\"http:\/\/www.rieles.com\/front\/wp-content\/uploads\/revista-lugares-2583142w640.jpg\" alt=\"\" width=\"640\" height=\"426\" srcset=\"https:\/\/www.rieles.com\/front\/wp-content\/uploads\/revista-lugares-2583142w640.jpg 640w, https:\/\/www.rieles.com\/front\/wp-content\/uploads\/revista-lugares-2583142w640-300x200.jpg 300w\" sizes=\"auto, (max-width: 640px) 100vw, 640px\" \/><\/a><figcaption id=\"caption-attachment-67988\" class=\"wp-caption-text\">La formaci\u00f3n ploteada del Tren a las Nubes en la estaci\u00f3n de San Antonio de los Cobres. Foto: Soledad Gil. Foto: Lugares<\/figcaption><\/figure>\n<p style=\"text-align: justify;\">La soluci\u00f3n, se dijo entonces, iba a ser provisoria, pero ya est\u00e1 cumpliendo su tercera temporada. Y los que solo conocen la foto del Viaducto y no saben del gran trazado de Salta a Antofagasta, en Chile, bien pueden pensar que el Tren a las Nubes es eso justamente. Pero no. La denominaci\u00f3n \u00abTren a las nubes\u00bb tiene por lo menos 45 a\u00f1os y siempre se refiri\u00f3 al viaje de Salta hasta el Viaducto de la Polvorilla. El periodista Milenco Jurcich cuenta en La Epopeya del Ferrocarril Huaytiquina que fue \u00e9l quien le escribi\u00f3, en su car\u00e1cter de Secretario de Prensa de la flamante Comisi\u00f3n Provincial de Turismo, a Ferrocarriles Argentinos solicitando esa excursi\u00f3n tur\u00edstica y en su libro aparece una foto del viaje inaugural, en 1963. Dice all\u00ed que se inspir\u00f3 en un documental de Jos\u00e9 Raggi, con gui\u00f3n de Emilio Petcoff y filmado por Leonardo Henrichsen, que es muy interesante de ver en youtube y que ser\u00eda posterior. Para aumentar el misterio, la p\u00e1gina oficial del tren asegura que el primer viaje oficial tur\u00edstico data del 16 de julio de 1972.<\/p>\n<p><a href=\"https:\/\/www.google.com\/maps\/d\/viewer?mid=1AC3qJ_AESRlCWAjtqg644IVtzF9t2a2o&amp;ll=-24.51443544698269%2C-66.91794304999996&amp;z=8\" target=\"_blank\" rel=\"noopener\"><span style=\"color: #0000ff;\"><strong>MAPA<\/strong><\/span><\/a><\/p>\n<p style=\"text-align: justify;\"><strong>Un poco de historia<\/strong><\/p>\n<p style=\"text-align: justify;\">Como sea es bueno saber que la raz\u00f3n de ser de este trazado no fue inicialmente tur\u00edstica, sino comercial y estrat\u00e9gica. Fue Hip\u00f3lito Yrigoyen el primero en considerar que una v\u00eda f\u00e9rrea que conectara Argentina con Chile ser\u00eda provechosa para la salida de la mercader\u00eda argentina hacia el Pac\u00edfico. La construcci\u00f3n comenz\u00f3 su construcci\u00f3n en 1921, bajo la supervisi\u00f3n del ingeniero Richard F. Maury. Pero las dificultades pol\u00edticas, t\u00e9cnicas y clim\u00e1ticas fueron tantas que se inaugur\u00f3 reci\u00e9n en 1948. Estaba previsto que asistieran los presidentes argentino y chileno, Juan Domingo Per\u00f3n y Carlos Ib\u00e1\u00f1ez del Campo. Pero ambos faltaron por recomendaciones m\u00e9dicas. En lugar de Per\u00f3n viaj\u00f3 el ministro de Obras P\u00fablicas, Juan Pistarini, a quien la puna tambi\u00e9n le impidi\u00f3 llegar a Socompa. Despu\u00e9s de 27 a\u00f1os, y con un cambio de trazado incluido -que hizo que el paso fronterizo elegido fuera Socompa (de menor altura y m\u00e1s conveniente para Chile), y no Huaytiquina-, el sue\u00f1o de Yrigoyen era realidad.<\/p>\n<figure id=\"attachment_67997\" aria-describedby=\"caption-attachment-67997\" style=\"width: 640px\" class=\"wp-caption aligncenter\"><a href=\"http:\/\/www.rieles.com\/front\/wp-content\/uploads\/revista-lugares-2584224w640.jpg\"><img loading=\"lazy\" decoding=\"async\" class=\"size-full wp-image-67997\" src=\"http:\/\/www.rieles.com\/front\/wp-content\/uploads\/revista-lugares-2584224w640.jpg\" alt=\"\" width=\"640\" height=\"426\" srcset=\"https:\/\/www.rieles.com\/front\/wp-content\/uploads\/revista-lugares-2584224w640.jpg 640w, https:\/\/www.rieles.com\/front\/wp-content\/uploads\/revista-lugares-2584224w640-300x200.jpg 300w\" sizes=\"auto, (max-width: 640px) 100vw, 640px\" \/><\/a><figcaption id=\"caption-attachment-67997\" class=\"wp-caption-text\">Busto de Maury en Campo Quijano. Foto: Sebasti\u00e1n Pani. Foto: Lugares<\/figcaption><\/figure>\n<p style=\"text-align: justify;\">Maury, desvinculado de la obra tras la asunci\u00f3n de Uriburu, no fue invitado a la inauguraci\u00f3n. No hay pruebas fehacientes de que haya visitado Socompa, aunque es muy probable que haya querido conocer ese hito, la cumbre de su gran obra. Muri\u00f3 dos a\u00f1os m\u00e1s tarde, el 10 de julio de 1950 en C\u00f3rdoba. Siete a\u00f1os despu\u00e9s sus restos fueron trasladados al mausoleo que se construy\u00f3 en su honor en Campo Quijano, el portal de los Andes, muy cerca de las v\u00edas y de la primera locomotora que trabaj\u00f3 en el ramal C 14.<\/p>\n<p style=\"text-align: justify;\">De Salta a Antofagasta, el trazado es 951 km, de los cuales 571 km est\u00e1n dentro de Argentina. Incluye 31 puentes, 21 t\u00faneles, 13 viaductos y 9 cobertizos.<\/p>\n<p style=\"text-align: justify;\"><strong>Siga a ese tren<\/strong><\/p>\n<figure id=\"attachment_67998\" aria-describedby=\"caption-attachment-67998\" style=\"width: 280px\" class=\"wp-caption alignleft\"><a href=\"http:\/\/www.rieles.com\/front\/wp-content\/uploads\/revista-lugares-2584226w280.jpg\"><img loading=\"lazy\" decoding=\"async\" class=\"size-full wp-image-67998\" src=\"http:\/\/www.rieles.com\/front\/wp-content\/uploads\/revista-lugares-2584226w280.jpg\" alt=\"\" width=\"280\" height=\"420\" srcset=\"https:\/\/www.rieles.com\/front\/wp-content\/uploads\/revista-lugares-2584226w280.jpg 280w, https:\/\/www.rieles.com\/front\/wp-content\/uploads\/revista-lugares-2584226w280-200x300.jpg 200w\" sizes=\"auto, (max-width: 280px) 100vw, 280px\" \/><\/a><figcaption id=\"caption-attachment-67998\" class=\"wp-caption-text\">La estaci\u00f3n de San Antonio de los Cobres. Foto: Sebasti\u00e1n Pani. Foto: Lugares<\/figcaption><\/figure>\n<p style=\"text-align: justify;\">Recorrer el trazado del ramal C 14 por tierra es como darle un gui\u00f3n a un viaje por la puna. Basta mirar el mapa y ver c\u00f3mo el trazado avanza por esas alturas imposibles, que a\u00fan hoy mantienen la vida humana (por no decir todo tipo de vida) bastante a raya, para comprender que el ramal C 14 fue -es- una verdadera haza\u00f1a.<\/p>\n<p style=\"text-align: justify;\">Con excepci\u00f3n de San Antonio de los Cobres cuya existencia es anterior, los pocos pueblos de la puna salte\u00f1a deben su raz\u00f3n de ser al tren. Las estaciones, abandonadas casi todas, saqueadas la mayor\u00eda, son la piedra fundamental de un derrotero que, con un poco de suerte, contin\u00faa la miner\u00eda.<\/p>\n<p style=\"text-align: justify;\">Gary Pekarek, como la puna, tambi\u00e9n tiene sus secretos. Es profeta -gu\u00eda, en realidad- en su tierra, pero ejerce m\u00e1s en alem\u00e1n e ingl\u00e9s que en espa\u00f1ol. Su padre austr\u00edaco le ense\u00f1\u00f3 a amar la cordillera, y de \u00e9l hered\u00f3 esa inquietud por conocer, por saber un poco m\u00e1s. Gary fue a Viena, se cas\u00f3 con una sueca, se radic\u00f3 de nuevo en Salta, tuvo sus hijas, se separ\u00f3, se volvi\u00f3 a casar y puso un restaurante en San Antonio de los Cobres, que termin\u00f3 dejando en manos de Reyna, su mano derecha durante los cinco a\u00f1os que dur\u00f3 esa etapa.<\/p>\n<p style=\"text-align: justify;\"><strong>All\u00e1 vamos<\/strong><\/p>\n<p style=\"text-align: justify;\">El tren funciona. No solo en esta versi\u00f3n \u00ablight\u00bb para el turismo. El de carga tambi\u00e9n pasa cada tanto, pero nadie sabe bien cu\u00e1ndo, ni de d\u00f3nde a d\u00f3nde. Pasa casi como el tren fantasma. Adem\u00e1s, hace a\u00f1os que la aduana dej\u00f3 el paso fronterizo de Socompa y se instal\u00f3 en Pocitos, a 211 km del l\u00edmite. El comercio entre ambos pa\u00edses era ya tan escaso que no justificaba una dotaci\u00f3n de aduana a esas alturas. Ahora, dicen, el tren sigue funcionando entre Pocitos y alg\u00fan lugar de Chile.<\/p>\n<p style=\"text-align: justify;\">Almorzamos en el comedor Pachamamita, de Leonarda Acoria, la mam\u00e1 de Reyna, la del ex restaurante de Gary. Incre\u00edble c\u00f3mo en silencio las historias de la puna se van uniendo como cuentas del mismo collar, como las estaciones del tren.<\/p>\n<p style=\"text-align: justify;\">Vamos recorri\u00e9ndolas a medida que avanzamos hacia el oeste. Botellas de aceite de litro, de alcohol, de ginebra, de Polyana 555, de licor Peters Hnos. Hay cientos de ellas, la mayor\u00eda rotas, pero algunas intactas. Suelas de zapatos, enseres de hierro oxidado. Toneladas de remaches. Miles de durmientes de quebracho. V\u00edas inglesas de 1884, 1902, 1910, y algunas argentinas de 1921, 1937, 1948. Una sucesi\u00f3n de a\u00f1os que se acumula con el mismo destino: el olvido. Es como un museo a cielo abierto. Solo que este no sabe que es tal. \u00bfO ser\u00e1 que lucha por no serlo?<\/p>\n<figure id=\"attachment_67993\" aria-describedby=\"caption-attachment-67993\" style=\"width: 640px\" class=\"wp-caption aligncenter\"><a href=\"http:\/\/www.rieles.com\/front\/wp-content\/uploads\/revista-lugares-2584196w640.jpg\"><img loading=\"lazy\" decoding=\"async\" class=\"size-full wp-image-67993\" src=\"http:\/\/www.rieles.com\/front\/wp-content\/uploads\/revista-lugares-2584196w640.jpg\" alt=\"\" width=\"640\" height=\"426\" srcset=\"https:\/\/www.rieles.com\/front\/wp-content\/uploads\/revista-lugares-2584196w640.jpg 640w, https:\/\/www.rieles.com\/front\/wp-content\/uploads\/revista-lugares-2584196w640-300x200.jpg 300w\" sizes=\"auto, (max-width: 640px) 100vw, 640px\" \/><\/a><figcaption id=\"caption-attachment-67993\" class=\"wp-caption-text\">La estaci\u00f3n de Laguna Seca. Foto: Sebasti\u00e1n Pani. Foto: Lugares<\/figcaption><\/figure>\n<p style=\"text-align: justify;\">En Laguna Seca, una de las \u00faltimas estaciones con aspecto de chalet de tejas, los muros acusan a los del Salar de Rinc\u00f3n de haberse llevado aberturas, artefactos, piso y todo aquello que encontraron a su paso.<\/p>\n<p style=\"text-align: justify;\">Un poco m\u00e1s all\u00e1, la RP 27 se introduce en el Desierto del Diablo. Dicen que quien recorre los laberintos de Los Colorados tiene grandes chances de cruzarse con Huancar -como se menta por aqu\u00ed al diablo- y, aseguran, m\u00e1s de uno ha sellado pactos secretos con \u00e9l. Pero si uno no sabe, la imagen de la ruta que surca recta esa geograf\u00eda de cerros curvos y bien rojos no tiene nada de sat\u00e1nica: m\u00e1s bien por el contrario, es la postal perfecta de la belleza de la puna.<\/p>\n<figure id=\"attachment_67995\" aria-describedby=\"caption-attachment-67995\" style=\"width: 640px\" class=\"wp-caption aligncenter\"><a href=\"http:\/\/www.rieles.com\/front\/wp-content\/uploads\/revista-lugares-2584217w640.jpg\"><img loading=\"lazy\" decoding=\"async\" class=\"size-full wp-image-67995\" src=\"http:\/\/www.rieles.com\/front\/wp-content\/uploads\/revista-lugares-2584217w640.jpg\" alt=\"\" width=\"640\" height=\"426\" srcset=\"https:\/\/www.rieles.com\/front\/wp-content\/uploads\/revista-lugares-2584217w640.jpg 640w, https:\/\/www.rieles.com\/front\/wp-content\/uploads\/revista-lugares-2584217w640-300x200.jpg 300w\" sizes=\"auto, (max-width: 640px) 100vw, 640px\" \/><\/a><figcaption id=\"caption-attachment-67995\" class=\"wp-caption-text\">Desierto del Diablo. Foto: Sebasti\u00e1n Pani. Foto: Lugares<\/figcaption><\/figure>\n<p style=\"text-align: justify;\">A partir de la estaci\u00f3n Km 1506, las construcciones pasan a ser m\u00e1s andinas, austeras, de adobe. pero igual de saqueadas.<\/p>\n<p style=\"text-align: justify;\">Antes de llegar a Tolar Grande, el otro alto obligado son sus Ojos de Mar, tres agujeros de mar Caribe -no hay otro nombre para ese celeste transparente- en medio de un salar blanco inmaculado. All\u00ed descubri\u00f3 la bi\u00f3loga tucumana Mar\u00eda Eugenia Far\u00edas los f\u00f3siles m\u00e1s antiguos de la tierra: los estromatolitos. A lo largo de millones de a\u00f1os han afectado la evoluci\u00f3n del planeta fijando di\u00f3xido de carbono y produciendo grandes cantidades de ox\u00edgeno a trav\u00e9s de la fotos\u00edntesis, liberando el ox\u00edgeno a los mares, a la atm\u00f3sfera y creando la capa de ozono. Por eso los Ojos de Mar, adem\u00e1s de bell\u00edsimos, tienen un alto valor cient\u00edfico.<\/p>\n<figure id=\"attachment_67999\" aria-describedby=\"caption-attachment-67999\" style=\"width: 640px\" class=\"wp-caption aligncenter\"><a href=\"http:\/\/www.rieles.com\/front\/wp-content\/uploads\/revista-lugares-2584973w640.jpg\"><img loading=\"lazy\" decoding=\"async\" class=\"size-full wp-image-67999\" src=\"http:\/\/www.rieles.com\/front\/wp-content\/uploads\/revista-lugares-2584973w640.jpg\" alt=\"\" width=\"640\" height=\"426\" srcset=\"https:\/\/www.rieles.com\/front\/wp-content\/uploads\/revista-lugares-2584973w640.jpg 640w, https:\/\/www.rieles.com\/front\/wp-content\/uploads\/revista-lugares-2584973w640-300x200.jpg 300w\" sizes=\"auto, (max-width: 640px) 100vw, 640px\" \/><\/a><figcaption id=\"caption-attachment-67999\" class=\"wp-caption-text\">Ojos de Mar, Tolar Grande. Foto: Sebasti\u00e1n Pani. Foto: Lugares<\/figcaption><\/figure>\n<p style=\"text-align: justify;\">Esa combinaci\u00f3n, m\u00e1s el hallazgo de los ni\u00f1os del Llullaillaco en 1999, hizo que Tolar ganara impulso en el incipiente desarrollo del turismo de altura. La comunidad local se organiz\u00f3 y abri\u00f3 varios hospedajes familiares, a los que sum\u00f3 la nueva hoster\u00eda municipal Casa Andina, un aut\u00e9ntico peque\u00f1o lujo, muy bien puesta y decorada, con buena calefacci\u00f3n y ba\u00f1o privado.<\/p>\n<figure id=\"attachment_67992\" aria-describedby=\"caption-attachment-67992\" style=\"width: 640px\" class=\"wp-caption aligncenter\"><a href=\"http:\/\/www.rieles.com\/front\/wp-content\/uploads\/revista-lugares-2583155w640.jpg\"><img loading=\"lazy\" decoding=\"async\" class=\"size-full wp-image-67992\" src=\"http:\/\/www.rieles.com\/front\/wp-content\/uploads\/revista-lugares-2583155w640.jpg\" alt=\"\" width=\"640\" height=\"426\" srcset=\"https:\/\/www.rieles.com\/front\/wp-content\/uploads\/revista-lugares-2583155w640.jpg 640w, https:\/\/www.rieles.com\/front\/wp-content\/uploads\/revista-lugares-2583155w640-300x200.jpg 300w\" sizes=\"auto, (max-width: 640px) 100vw, 640px\" \/><\/a><figcaption id=\"caption-attachment-67992\" class=\"wp-caption-text\">Una v\u00eda olvidada desde 1884 en las alturas de la puna salte\u00f1a. Fotos: Soledad Gil. Foto: Lugares<\/figcaption><\/figure>\n<p style=\"text-align: justify;\"><strong>Salar de Arizaro<\/strong><\/p>\n<p style=\"text-align: justify;\">El Salar de Arizaro es otro dominio rojo con pinceladas de gris, que de pronto se hace blanco y hostil. La estaci\u00f3n Taca Taca, a unos 10 km de la RP 27, es un revuelo de papeles y memor\u00e1ndums del tren que se mantienen intactos. Si no fuera porque est\u00e1n todos mezclados en el suelo, el Vale por Materiales de 1967, con el Parte de Inasistencia de 1988, el Detalle de Liquidaciones de 1939 con el Informe Mensual de Vivienda de 1991 (donde ya figura que 7 no se pueden havitar -sic- por falta de puertas y ventanas en su totalidad) o el Parte de Accidentes de 1987 (donde se relata un descarrilamiento a causa de la nieve y el hielo), parecer\u00eda que fue ayer que el \u00faltimo empleado se fue y cerr\u00f3 la puerta. Pero los indicios del tiempo son implacables. Una lata de picadillo La Negra, un par de pilas Eveready rojas, las que ten\u00edan un gato negro que saltaba dentro de un n\u00famero 9. Se nota tambi\u00e9n que desde el a\u00f1o 40 los recursos escasean porque casi todos los formularios est\u00e1n escritos de los dos lados: en el anverso pasa algo en el a\u00f1o 67 y en el reverso, que data de 1975, sucede otra cosa.<\/p>\n<figure id=\"attachment_67991\" aria-describedby=\"caption-attachment-67991\" style=\"width: 640px\" class=\"wp-caption aligncenter\"><a href=\"http:\/\/www.rieles.com\/front\/wp-content\/uploads\/revista-lugares-2583153w640.jpg\"><img loading=\"lazy\" decoding=\"async\" class=\"size-full wp-image-67991\" src=\"http:\/\/www.rieles.com\/front\/wp-content\/uploads\/revista-lugares-2583153w640.jpg\" alt=\"\" width=\"640\" height=\"426\" srcset=\"https:\/\/www.rieles.com\/front\/wp-content\/uploads\/revista-lugares-2583153w640.jpg 640w, https:\/\/www.rieles.com\/front\/wp-content\/uploads\/revista-lugares-2583153w640-300x200.jpg 300w\" sizes=\"auto, (max-width: 640px) 100vw, 640px\" \/><\/a><figcaption id=\"caption-attachment-67991\" class=\"wp-caption-text\">Viejos papeles y formularios del tren abondonados y revueltos en la estaci\u00f3n Taca Taca. Fotos: Soledad Gil. Foto: Lugares<\/figcaption><\/figure>\n<p style=\"text-align: justify;\"><strong>Caipe<\/strong><\/p>\n<p style=\"text-align: justify;\">Caipe campanea a lo alto sobre una pampa gris y yerma. Se accede por asfalto, el que usaban los camiones que tra\u00edan hasta aqu\u00ed el azufre que sacaban de La Casualidad. La mina cerr\u00f3 a finales de los 70 pero la ruta sobrevive, como una curiosidad m\u00e1s que solo la historia puede explicar: 30 km de pavimento en un territorio tan vasto dominado por el ripio.<\/p>\n<figure id=\"attachment_67996\" aria-describedby=\"caption-attachment-67996\" style=\"width: 640px\" class=\"wp-caption aligncenter\"><a href=\"http:\/\/www.rieles.com\/front\/wp-content\/uploads\/revista-lugares-2584220w640.jpg\"><img loading=\"lazy\" decoding=\"async\" class=\"size-full wp-image-67996\" src=\"http:\/\/www.rieles.com\/front\/wp-content\/uploads\/revista-lugares-2584220w640.jpg\" alt=\"\" width=\"640\" height=\"426\" srcset=\"https:\/\/www.rieles.com\/front\/wp-content\/uploads\/revista-lugares-2584220w640.jpg 640w, https:\/\/www.rieles.com\/front\/wp-content\/uploads\/revista-lugares-2584220w640-300x200.jpg 300w\" sizes=\"auto, (max-width: 640px) 100vw, 640px\" \/><\/a><figcaption id=\"caption-attachment-67996\" class=\"wp-caption-text\">Vicu\u00f1as en la puna salte\u00f1a. Foto: Sebasti\u00e1n Pani. Foto: Lugares<\/figcaption><\/figure>\n<p style=\"text-align: justify;\">En esa aridez, Caipe parece un oasis de altura, donde en lugar de camellos hay vicu\u00f1as, y en lugar de palmeras, \u00e1lamos. Una vertiente natural que brota all\u00ed mismo es la causa de esa rareza. Pasan las aves volando por entre los huecos de las ventanas. Aqu\u00ed todav\u00eda est\u00e1, volcada y maltrecha, la caja fuerte Bash (cada estaci\u00f3n ten\u00eda una); y tambi\u00e9n sobrevive intacta una ba\u00f1era: la primera y \u00fanica que encontramos en todas las estaciones que visitamos.<\/p>\n<p style=\"text-align: justify;\">Visto desde arriba, el salar de Arizaro parece un mar gris y el arroyo de sal que lo atraviesa, la rompiente de espuma bien blanca que hace efervescencia en la orilla.<\/p>\n<p style=\"text-align: justify;\">Seguimos por un camino de cornisa y al sabernos m\u00e1s cerca de la frontera, del gran final que es Socompa, se nos acelera un poco el pulso. C\u00f3mo se habr\u00e1n sentido los trabajadores del Huaytiquina a medida que avanzaban hacia esa meta, el encuentro de los rieles de un pa\u00eds y el otro. A los pies del volc\u00e1n que le da nombre al paso aparece la laguna Socompa, con un fuerte olor a azufre. Aqu\u00ed tambi\u00e9n, dicen los cient\u00edficos, hay valiosos e invisibles estromatolitos.<\/p>\n<p style=\"text-align: justify;\"><strong>Alem\u00e1n muerto<\/strong><\/p>\n<figure id=\"attachment_67994\" aria-describedby=\"caption-attachment-67994\" style=\"width: 640px\" class=\"wp-caption aligncenter\"><a href=\"http:\/\/www.rieles.com\/front\/wp-content\/uploads\/revista-lugares-2584203w640.jpg\"><img loading=\"lazy\" decoding=\"async\" class=\"size-full wp-image-67994\" src=\"http:\/\/www.rieles.com\/front\/wp-content\/uploads\/revista-lugares-2584203w640.jpg\" alt=\"\" width=\"640\" height=\"426\" srcset=\"https:\/\/www.rieles.com\/front\/wp-content\/uploads\/revista-lugares-2584203w640.jpg 640w, https:\/\/www.rieles.com\/front\/wp-content\/uploads\/revista-lugares-2584203w640-300x200.jpg 300w\" sizes=\"auto, (max-width: 640px) 100vw, 640px\" \/><\/a><figcaption id=\"caption-attachment-67994\" class=\"wp-caption-text\">Karl Hilmmer, el Alem\u00e1n Muerto. Foto: Sebasti\u00e1n Pani. Foto: Lugares<\/figcaption><\/figure>\n<p style=\"text-align: justify;\">A la salida de la estaci\u00f3n Chuculaqui, a 4.300 metros de altura, muy cerca de la ruta, la tumba de Karl Hillmer tiene por epitafio \u00abSe lo encontr\u00f3 helado\u00bb. Cuentan los locales que era un marino alem\u00e1n que lleg\u00f3 a Buenos Aires en 1930 y que, como suelen hacer los marineros, se fue de juerga por la noche. \u00c9l y un amigo perdieron el barco, que zarp\u00f3 sin ellos. Entonces ambos decidieron que, ya que el barco volv\u00eda a subir por el Pac\u00edfico, cruzando por el Cabo de Hornos, pod\u00edan alcanzarlo yendo en tren hasta Salta y de ah\u00ed a Caipe (que era, hacia 1930, punta de rieles), para seguir a pie por la cordillera y alcanzar la nave en Antofagasta. Dicen que a pesar de que le advirtieron acerca del fr\u00edo y el viento blanco, Karl Hillmer se lanz\u00f3 a cruzar solo y pereci\u00f3 helado el 5-9-1930. Se supone que su amigo fue capaz de llegar a Socompa y atravesar el paso. Hillmer fue encontrado e inhumado por la familia Alegre de Quebrada del Agua. Cada tanto alguien lleva una flor de pl\u00e1stico o de papel al Alem\u00e1n Muerto, que gan\u00f3 fama inmortal en las alturas de la puna.<\/p>\n<p style=\"text-align: justify;\"><strong>Socompa<\/strong><\/p>\n<figure id=\"attachment_67989\" aria-describedby=\"caption-attachment-67989\" style=\"width: 640px\" class=\"wp-caption aligncenter\"><a href=\"http:\/\/www.rieles.com\/front\/wp-content\/uploads\/revista-lugares-2583148w640.jpg\"><img loading=\"lazy\" decoding=\"async\" class=\"size-full wp-image-67989\" src=\"http:\/\/www.rieles.com\/front\/wp-content\/uploads\/revista-lugares-2583148w640.jpg\" alt=\"\" width=\"640\" height=\"426\" srcset=\"https:\/\/www.rieles.com\/front\/wp-content\/uploads\/revista-lugares-2583148w640.jpg 640w, https:\/\/www.rieles.com\/front\/wp-content\/uploads\/revista-lugares-2583148w640-300x200.jpg 300w\" sizes=\"auto, (max-width: 640px) 100vw, 640px\" \/><\/a><figcaption id=\"caption-attachment-67989\" class=\"wp-caption-text\">La estaci\u00f3n de Socompa, en la frontera entre Argentina y Chile. Hasta aqu\u00ed llega el ramal C 14 antes de pasar al pa\u00eds vecino. Fotos: Soledad Gil. Foto: Lugares<\/figcaption><\/figure>\n<p style=\"text-align: justify;\">El paso de Socompa, a 3.870 metros, est\u00e1 cerrado para automotores. S\u00f3lo puede cruzarse a pie o en bicicleta, nos informan los gendarmes ante nuestra mirada incr\u00e9dula. \u00abHace poco pas\u00f3 un japon\u00e9s loco en bicicleta\u00bb, aseguran. Su presencia no se justifica por eso, sino por el tr\u00e1fico de drogas. Desde 2016, est\u00e1 habilitado \u00fanicamente de octubre a mayo. Nieva tanto en La Hoya, unos metros despu\u00e9s de la laguna, que el acceso queda bloqueado gran parte del invierno. Los carabineros chilenos, en cambio, pasan all\u00ed todo el a\u00f1o. Tienen internet y motor di\u00e9sel. Del lado argentino, pantalla solar y gracias.<\/p>\n<p style=\"text-align: justify;\">Sopla un viento incansable. Los gendarmes -un salte\u00f1o, un formose\u00f1o y un entrerriano- se refugian a puertas cerradas. Por la noche miran novelas y despu\u00e9s a Tinelli. Cuentan los d\u00edas que les faltan para bajar (a San Antonio de los Cobres o a Ing. Maury) como si estuvieran presos. Esto s\u00ed que es ser centinela de la patria. Les pregunto si cuando patrullan prefieren que \u00abpase algo\u00bb o mejor que \u00abno pase nada\u00bb. El entrerriano toma el guante y confiesa. \u00abYo prefiero que pase algo\u00bb.<\/p>\n<p style=\"text-align: justify;\">La estaci\u00f3n del tren est\u00e1 cerrada. A diferencia de las dem\u00e1s, protegida por los gendarmes, se mantiene entera y en pie. La chilena, a pocos metros, tambi\u00e9n est\u00e1 abandonada. Hay rumores de reacondicionamiento. A veces, hasta llegan rumores de asfalto. Vienen de tan lejos que en el camino se pierde la fuente. Un d\u00eda de estos pasa el tren. Qui\u00e9n sabe.<\/p>\n<p style=\"text-align: justify;\"><strong>Datos \u00fatiles<\/strong><\/p>\n<p style=\"text-align: justify;\">Alternativa Salta T: (0387) 425-0276. C: (0387) 502-5588. Gary Pekarek es experto gu\u00eda 4&#215;4. Realiza recorridos a medida y ofrece un programa similar al de esta nota en cinco d\u00edas, incluyendo tambi\u00e9n la Mina La Casualidad.<\/p>\n<p style=\"text-align: justify;\">Quinoa RealBelgrano s\/n, San Antonio de los Cobres. T: (0387) 490-9270. Pida la tarta de quinoa, la cazuela de llama, y sobre todo, las empanadas. Todos los d\u00edas, de 9.30 hasta la cena. En ocasiones cierran unas pocas horas por la tarde.<\/p>\n<p style=\"text-align: justify;\">Casa AndinaBelgrano y 25 de mayo, Tolar Grande. C: (0387) 15 610-5209. La hoster\u00eda municipal tiene 6 habitaciones (dos de ellas conforman un departamento con cocina). Est\u00e1n bien decoradas y son el complemento ideal del refugio AFAPUNA (con camas cuchetas divididas en un cuarto de hombres y otro de mujeres), que est\u00e1 a la vuelta.. No hay desayuno pero s\u00ed caf\u00e9 instant\u00e1neo, t\u00e9 y galletitas. La idea de la Municipalidad -propietaria del hotel y el albergue- es no competir con los comedores locales.<\/p>\n<p style=\"text-align: justify;\">Soledad Gil<\/p>\n<p>&nbsp;<\/p>\n<p>Fuente y fotograf\u00eda:\u00a0<a href=\"http:\/\/www.lanacion.com.ar\/2088340-la-transformacion-de-el-tren-a-las-nubes-un-viaje-que-incluye-10-horas-en-bus\" target=\"_blank\" rel=\"noopener\"><span style=\"color: #ff0000;\"><strong>lanacion<\/strong><\/span><\/a><\/p>\n<p>&nbsp;<\/p>\n","protected":false},"excerpt":{"rendered":"<p>El ramal C 14 que une Salta con Antofagasta se mantiene apenas operativo mientras que la excursi\u00f3n conocida como Tren a las Nubes -que iba de Salta hasta el Viaducto La Polvorilla- se reconvirti\u00f3 por falta de mantenimiento \u00abEl circuito 2016 del Tren a las Nubes incluye salida en veh\u00edculo desde la ciudad de Salta.\u00bb [&hellip;]<\/p>\n","protected":false},"author":1,"featured_media":67990,"comment_status":"closed","ping_status":"open","sticky":false,"template":"","format":"standard","meta":{"footnotes":""},"categories":[4],"tags":[9644],"class_list":{"0":"post-67987","1":"post","2":"type-post","3":"status-publish","4":"format-standard","5":"has-post-thumbnail","7":"category-nacionales","8":"tag-news"},"_links":{"self":[{"href":"https:\/\/www.rieles.com\/front\/wp-json\/wp\/v2\/posts\/67987","targetHints":{"allow":["GET"]}}],"collection":[{"href":"https:\/\/www.rieles.com\/front\/wp-json\/wp\/v2\/posts"}],"about":[{"href":"https:\/\/www.rieles.com\/front\/wp-json\/wp\/v2\/types\/post"}],"author":[{"embeddable":true,"href":"https:\/\/www.rieles.com\/front\/wp-json\/wp\/v2\/users\/1"}],"replies":[{"embeddable":true,"href":"https:\/\/www.rieles.com\/front\/wp-json\/wp\/v2\/comments?post=67987"}],"version-history":[{"count":1,"href":"https:\/\/www.rieles.com\/front\/wp-json\/wp\/v2\/posts\/67987\/revisions"}],"predecessor-version":[{"id":68000,"href":"https:\/\/www.rieles.com\/front\/wp-json\/wp\/v2\/posts\/67987\/revisions\/68000"}],"wp:featuredmedia":[{"embeddable":true,"href":"https:\/\/www.rieles.com\/front\/wp-json\/wp\/v2\/media\/67990"}],"wp:attachment":[{"href":"https:\/\/www.rieles.com\/front\/wp-json\/wp\/v2\/media?parent=67987"}],"wp:term":[{"taxonomy":"category","embeddable":true,"href":"https:\/\/www.rieles.com\/front\/wp-json\/wp\/v2\/categories?post=67987"},{"taxonomy":"post_tag","embeddable":true,"href":"https:\/\/www.rieles.com\/front\/wp-json\/wp\/v2\/tags?post=67987"}],"curies":[{"name":"wp","href":"https:\/\/api.w.org\/{rel}","templated":true}]}}