{"id":70582,"date":"2018-02-14T08:20:18","date_gmt":"2018-02-14T11:20:18","guid":{"rendered":"http:\/\/www.rieles.com\/front\/?p=70582"},"modified":"2018-02-14T15:00:25","modified_gmt":"2018-02-14T18:00:25","slug":"ya-es-posible-viajar-en-tren-entre-baku-y-viena","status":"publish","type":"post","link":"https:\/\/www.rieles.com\/front\/ya-es-posible-viajar-en-tren-entre-baku-y-viena\/","title":{"rendered":"Ya es posible viajar en tren entre Bak\u00fa y Viena"},"content":{"rendered":"<p style=\"text-align: justify;\">El tren de pasajeros recorrer\u00e1 entre la capital azerbaiyana de Bak\u00fa, la capital georgiana de Tiflis, Estambul, la ciudad griega de Alejandr\u00f3polis y la capital austr\u00edaca de Viena<\/p>\n<p style=\"text-align: justify;\">El tren de pasajeros, que cubrir\u00e1 la ruta entre la capital azerbaiyana de Bak\u00fa y la austr\u00edaca de Viena, realizar\u00e1 su primer servicio el pr\u00f3ximo mes de mayo.<\/p>\n<p style=\"text-align: justify;\">Seg\u00fan el sitio de internet Tbilisi.media, el tren de pasajeros recorrer\u00e1 entre Bak\u00fa, la capital georgiana de Tiflis, Estambul, la ciudad griega de Alejandr\u00f3polis y Viena.<\/p>\n<p style=\"text-align: justify;\">Cada cup\u00e9 en los vagones muy c\u00f3modos comprados por Azerbaiy\u00e1n de la empresa Stadler Rail Group Alstom es de dos personas.<\/p>\n<p style=\"text-align: justify;\">Los cup\u00e9s contienen internet sin cables, aire acondicionado, ducha y ba\u00f1os.<\/p>\n<p style=\"text-align: justify;\">Adem\u00e1s se encuentran dos restaurantes y bares en el tren.<\/p>\n<p>&nbsp;<\/p>\n<p>Fuente y fotograf\u00eda: <a href=\"http:\/\/www.trt.net.tr\/espanol\/economia\/2018\/02\/12\/ya-es-posible-viajar-en-tren-entre-baku-y-viena-909064\" target=\"_blank\" rel=\"noopener\"><span style=\"color: #ff0000;\"><strong>trt<\/strong><\/span><\/a><\/p>\n","protected":false},"excerpt":{"rendered":"<p>El tren de pasajeros recorrer\u00e1 entre la capital azerbaiyana de Bak\u00fa, la capital georgiana de Tiflis, Estambul, la ciudad griega de Alejandr\u00f3polis y la capital austr\u00edaca de Viena El tren de pasajeros, que cubrir\u00e1 la ruta entre la capital azerbaiyana de Bak\u00fa y la austr\u00edaca de Viena, realizar\u00e1 su primer servicio el pr\u00f3ximo mes de [&hellip;]<\/p>\n","protected":false},"author":1,"featured_media":70583,"comment_status":"closed","ping_status":"open","sticky":false,"template":"","format":"standard","meta":{"footnotes":""},"categories":[2],"tags":[9644],"class_list":["post-70582","post","type-post","status-publish","format-standard","has-post-thumbnail","category-noticias","tag-news"],"_links":{"self":[{"href":"https:\/\/www.rieles.com\/front\/wp-json\/wp\/v2\/posts\/70582","targetHints":{"allow":["GET"]}}],"collection":[{"href":"https:\/\/www.rieles.com\/front\/wp-json\/wp\/v2\/posts"}],"about":[{"href":"https:\/\/www.rieles.com\/front\/wp-json\/wp\/v2\/types\/post"}],"author":[{"embeddable":true,"href":"https:\/\/www.rieles.com\/front\/wp-json\/wp\/v2\/users\/1"}],"replies":[{"embeddable":true,"href":"https:\/\/www.rieles.com\/front\/wp-json\/wp\/v2\/comments?post=70582"}],"version-history":[{"count":1,"href":"https:\/\/www.rieles.com\/front\/wp-json\/wp\/v2\/posts\/70582\/revisions"}],"predecessor-version":[{"id":70584,"href":"https:\/\/www.rieles.com\/front\/wp-json\/wp\/v2\/posts\/70582\/revisions\/70584"}],"wp:featuredmedia":[{"embeddable":true,"href":"https:\/\/www.rieles.com\/front\/wp-json\/wp\/v2\/media\/70583"}],"wp:attachment":[{"href":"https:\/\/www.rieles.com\/front\/wp-json\/wp\/v2\/media?parent=70582"}],"wp:term":[{"taxonomy":"category","embeddable":true,"href":"https:\/\/www.rieles.com\/front\/wp-json\/wp\/v2\/categories?post=70582"},{"taxonomy":"post_tag","embeddable":true,"href":"https:\/\/www.rieles.com\/front\/wp-json\/wp\/v2\/tags?post=70582"}],"curies":[{"name":"wp","href":"https:\/\/api.w.org\/{rel}","templated":true}]}}