{"id":76792,"date":"2018-07-12T09:05:17","date_gmt":"2018-07-12T12:05:17","guid":{"rendered":"http:\/\/www.rieles.com\/front\/?p=76792"},"modified":"2018-07-12T11:26:20","modified_gmt":"2018-07-12T14:26:20","slug":"mexico-en-pruebas-el-primer-tren-nuevo-para-la-linea-1","status":"publish","type":"post","link":"https:\/\/www.rieles.com\/front\/mexico-en-pruebas-el-primer-tren-nuevo-para-la-linea-1\/","title":{"rendered":"M\u00e9xico: En pruebas el primer tren nuevo para la L\u00ednea 1"},"content":{"rendered":"<p style=\"text-align: justify;\">El Sistema de Transporte Colectivo inform\u00f3 que la pr\u00f3xima semana dar\u00e1n inicio las pruebas est\u00e1ticas y din\u00e1micas al primero de los 10 nuevos trenes que se incorporan al servicio de la L\u00ednea 1, Pantitl\u00e1n \u2013 Observatorio, que actualmente est\u00e1 por concluir las de estanqueidad en los talleres de la armadora, ubicados en Huehuetoca.<\/p>\n<p style=\"text-align: justify;\"><img loading=\"lazy\" decoding=\"async\" class=\"wp-image-76793 aligncenter\" src=\"http:\/\/www.rieles.com\/front\/wp-content\/uploads\/5b467494cd00f492039245.jpg\" alt=\"\" width=\"399\" height=\"299\" srcset=\"https:\/\/www.rieles.com\/front\/wp-content\/uploads\/5b467494cd00f492039245.jpg 740w, https:\/\/www.rieles.com\/front\/wp-content\/uploads\/5b467494cd00f492039245-300x225.jpg 300w\" sizes=\"auto, (max-width: 399px) 100vw, 399px\" \/>Se tiene previsto que las \u00faltimas pruebas din\u00e1micas sean en la L\u00ednea, con el tren en movimiento y con carga simulada, las cuales concluir\u00e1n durante el pr\u00f3ximo mes de agosto, cumpliendo con lo programado.<\/p>\n<p style=\"text-align: justify;\">Cabe recordar que este nuevo tren, forma parte de la modernizaci\u00f3n de L\u00ednea 1, que en los pr\u00f3ximos meses contar\u00e1 con m\u00e1s trenes en servicio, permitiendo la reducci\u00f3n en los tiempos de traslado de los pasajeros.<\/p>\n<p style=\"text-align: justify;\">\n<p style=\"text-align: justify;\">Fuente y fotograf\u00eda:\u00a0<a href=\"http:\/\/diariobasta.com\/2018\/07\/11\/en-pruebas-el-primer-tren-nuevo-para-la-linea-1\/\" target=\"_blank\" rel=\"noopener\"><span style=\"color: #ff0000;\"><strong>diariobasta<\/strong><\/span><\/a><\/p>\n","protected":false},"excerpt":{"rendered":"<p>El Sistema de Transporte Colectivo inform\u00f3 que la pr\u00f3xima semana dar\u00e1n inicio las pruebas est\u00e1ticas y din\u00e1micas al primero de los 10 nuevos trenes que se incorporan al servicio de la L\u00ednea 1, Pantitl\u00e1n \u2013 Observatorio, que actualmente est\u00e1 por concluir las de estanqueidad en los talleres de la armadora, ubicados en Huehuetoca. Se tiene [&hellip;]<\/p>\n","protected":false},"author":1,"featured_media":76794,"comment_status":"closed","ping_status":"open","sticky":false,"template":"","format":"standard","meta":{"footnotes":""},"categories":[5],"tags":[9644],"class_list":["post-76792","post","type-post","status-publish","format-standard","has-post-thumbnail","category-internacionales","tag-news"],"_links":{"self":[{"href":"https:\/\/www.rieles.com\/front\/wp-json\/wp\/v2\/posts\/76792","targetHints":{"allow":["GET"]}}],"collection":[{"href":"https:\/\/www.rieles.com\/front\/wp-json\/wp\/v2\/posts"}],"about":[{"href":"https:\/\/www.rieles.com\/front\/wp-json\/wp\/v2\/types\/post"}],"author":[{"embeddable":true,"href":"https:\/\/www.rieles.com\/front\/wp-json\/wp\/v2\/users\/1"}],"replies":[{"embeddable":true,"href":"https:\/\/www.rieles.com\/front\/wp-json\/wp\/v2\/comments?post=76792"}],"version-history":[{"count":1,"href":"https:\/\/www.rieles.com\/front\/wp-json\/wp\/v2\/posts\/76792\/revisions"}],"predecessor-version":[{"id":76795,"href":"https:\/\/www.rieles.com\/front\/wp-json\/wp\/v2\/posts\/76792\/revisions\/76795"}],"wp:featuredmedia":[{"embeddable":true,"href":"https:\/\/www.rieles.com\/front\/wp-json\/wp\/v2\/media\/76794"}],"wp:attachment":[{"href":"https:\/\/www.rieles.com\/front\/wp-json\/wp\/v2\/media?parent=76792"}],"wp:term":[{"taxonomy":"category","embeddable":true,"href":"https:\/\/www.rieles.com\/front\/wp-json\/wp\/v2\/categories?post=76792"},{"taxonomy":"post_tag","embeddable":true,"href":"https:\/\/www.rieles.com\/front\/wp-json\/wp\/v2\/tags?post=76792"}],"curies":[{"name":"wp","href":"https:\/\/api.w.org\/{rel}","templated":true}]}}