{"id":76805,"date":"2018-07-12T08:32:25","date_gmt":"2018-07-12T11:32:25","guid":{"rendered":"http:\/\/www.rieles.com\/front\/?p=76805"},"modified":"2018-07-12T12:10:28","modified_gmt":"2018-07-12T15:10:28","slug":"espana-crefco-tenemos-que-seguir-vigilantes-para-conseguir-la-reapertura-del-canfranc","status":"publish","type":"post","link":"https:\/\/www.rieles.com\/front\/espana-crefco-tenemos-que-seguir-vigilantes-para-conseguir-la-reapertura-del-canfranc\/","title":{"rendered":"Espa\u00f1a: Crefco: \u201cTenemos que seguir vigilantes para conseguir la reapertura del Canfranc\u201d"},"content":{"rendered":"<p style=\"text-align: justify;\">La Coordinadora para la reapertura del ferrocarril Canfranc-Olor\u00f3n (Crefco), que cumple 25 a\u00f1os, convoca su concentraci\u00f3n anual este domingo en Canfranc coincidiendo, adem\u00e1s, con el 90 cumplea\u00f1os de la estaci\u00f3n internacional que se celebra el 18 de julio. El lema de este a\u00f1o es &#8216;El Canfranc, la lucha de un pueblo&#8217;.<\/p>\n<p style=\"text-align: justify;\">La Coordinadora para la reapertura del ferrocarril Canfranc-Olor\u00f3n (Crefco) ha convocado para este domingo, 15 de julio, la concentraci\u00f3n que realiza todos los a\u00f1os en la estaci\u00f3n internacional de Canfranc, para pedir la reapertura y modernizaci\u00f3n de la l\u00ednea Zaragoza-Canfranc-Pau.<\/p>\n<p style=\"text-align: justify;\">Se da la circunstancia de que, este a\u00f1o, la Coordinadora celebra su 25 aniversario. Por ese motivo la concentraci\u00f3n, adem\u00e1s de ser un acto reivindicativo, ser\u00e1 un homenaje a las personas, organizaciones y entidades que antes del nacimiento de Crefco (1993) reivindicaron tambi\u00e9n esta comunicaci\u00f3n ferroviaria con el norte de Europa y, tambi\u00e9n, un reconocimiento a toda la ciudadan\u00eda que a lo largo de este cuarto de siglo han secundado las movilizaciones convocadas por esta organizaci\u00f3n que engloba a sindicatos, grupos ecologistas, asociaciones vecinales y ciclistas, etc.<\/p>\n<p style=\"text-align: justify;\">\u201cSin su presencia y participaci\u00f3n en Canfranc o all\u00ed donde les hemos ido convocando (Zaragoza, Pau, Ayerbe, Bedous, etc.) Crefco no representar\u00eda nada y la reapertura no ser\u00eda una posibilidad real a corto plazo, como parece que puede serlo ahora\u201d, ha manifestado Javier Garrido, portavoz de la Coordinadora.<\/p>\n<p style=\"text-align: justify;\">Por este motivo el lema elegido para de la jornada del domingo es: \u2018El Canfranc, la lucha de un pueblo\u2019. Se ha invitado especialmente al SIPA (asociaci\u00f3n integrada en Crefco) que organiz\u00f3 la primera movilizaci\u00f3n en 1975, a los sindicatos y partidos pol\u00edticos que convocaron las de 1977 y 78, as\u00ed como a los ayuntamientos de la l\u00ednea y a la FAMCP, \u201cpues ellos fueron protagonistas, en 1988, de la mayor movilizaci\u00f3n por la reapertura habida hasta la fecha\u201d. El consejero de Vertebraci\u00f3n del Territorio del Gobierno de Arag\u00f3n, Jos\u00e9 Luis Soro, ha anunciado su presencia el domingo en los actos de Canfranc.<\/p>\n<p style=\"text-align: justify;\">Seg\u00fan afirma Garrido, la concentraci\u00f3n va a desarrollarse este a\u00f1o en un ambiente de \u201cmoderado optimismo\u201d por el impulso que recibi\u00f3 la reapertura cuando Aquitania reabri\u00f3 25 kil\u00f3metros de v\u00eda f\u00e9rrea. \u201cDesde el verano de 2016 los trenes franceses llegan ya a Bedous, separada de la estaci\u00f3n internacional por solo 33 kil\u00f3metros. Tambi\u00e9n gracias al empe\u00f1o de Alain Rousset, presidente del territorio vecino, se puso en marcha el grupo cuatripartito, del que forman parte adem\u00e1s de Arag\u00f3n los gobiernos espa\u00f1ol y franc\u00e9s, que consigui\u00f3 fondos de la Uni\u00f3n Europea para la realizaci\u00f3n de estudios y proyectos sobre la reapertura, que tienen un coste total de 15 millones de euros\u201d, a\u00f1ade.<\/p>\n<p style=\"text-align: justify;\">Tambi\u00e9n ha contribuido a ese optimismo el comienzo de las obras de actuaci\u00f3n urban\u00edstica en la plataforma de la estaci\u00f3n de Canfranc que, \u201caunque no est\u00e9n vinculadas a la recuperaci\u00f3n del tr\u00e1fico internacional, es evidente que esos planes se ver\u00edan muy beneficiados por ella\u201d. Finalmente, que \u201cla Comisi\u00f3n haya preseleccionado la reapertura de este ferrocarril entre los proyectos que podr\u00edan recibir fondos europeos entre 2020 y 2027, es otro motivo para la esperanza\u201d, sostiene.<\/p>\n<p style=\"text-align: justify;\">Pero en Crefco no quieren que ese optimismo pueda hacer pensar que todo est\u00e1 conseguido, ya que falta lo fundamental: el acuerdo formal entre los gobiernos espa\u00f1ol y franc\u00e9s. \u201cIncluso en ese caso tendr\u00edamos que seguir vigilantes \u2015ha indicado Javier Garrido\u2015 pues tenemos grabado a fuego en nuestra memoria aquel acuerdo de ambos gobiernos en la cumbre de Santander del a\u00f1o 2000, que dec\u00eda que el Canfranc se reabrir\u00eda antes de 2006, que qued\u00f3 en nada cuando el Gobierno franc\u00e9s anunci\u00f3 que se volv\u00eda atr\u00e1s y precisamente el mismo d\u00eda en que se inauguraba el t\u00fanel carretero de Somport\u201d.<\/p>\n<figure id=\"attachment_76808\" aria-describedby=\"caption-attachment-76808\" style=\"width: 600px\" class=\"wp-caption aligncenter\"><img loading=\"lazy\" decoding=\"async\" class=\"size-full wp-image-76808\" src=\"http:\/\/www.rieles.com\/front\/wp-content\/uploads\/RecuperarCanfranc_Foto-Pablo-Ib\u00e1\u00f1ez-600x400.jpg\" alt=\"\" width=\"600\" height=\"400\" srcset=\"https:\/\/www.rieles.com\/front\/wp-content\/uploads\/RecuperarCanfranc_Foto-Pablo-Ib\u00e1\u00f1ez-600x400.jpg 600w, https:\/\/www.rieles.com\/front\/wp-content\/uploads\/RecuperarCanfranc_Foto-Pablo-Ib\u00e1\u00f1ez-600x400-300x200.jpg 300w\" sizes=\"auto, (max-width: 600px) 100vw, 600px\" \/><figcaption id=\"caption-attachment-76808\" class=\"wp-caption-text\">Estaci\u00f3n internacional de Canfranc. Foto: Pablo Ib\u00e1\u00f1ez (AraInfo)<\/figcaption><\/figure>\n<p style=\"text-align: justify;\">Actualmente dicho t\u00fanel es atravesado diariamente, de media, por 362 camiones que deben transitar por las carreteras de los valles de Canfranc y Aspe, \u201ceste \u00faltimo especialmente angosto, creando problemas de todo tipo a la poblaci\u00f3n all\u00ed asentada, que ve peligrar por esta causa su principal medio de vida que es el turismo relacionado con la naturaleza. La ampliaci\u00f3n de esas carreteras solo ocasionar\u00eda el incremento de dicho tr\u00e1fico y, con ello, el agravamiento del problema\u201d, advierte el portavoz de la Coordinadora.<\/p>\n<p style=\"text-align: justify;\">Corregir el actual desequilibrio, que Crefco considera desmesurado, entre la carretera y el ferrocarril en el transporte de mercanc\u00edas a trav\u00e9s de la frontera entre Arag\u00f3n y Aquitania, es uno de los principales objetivos de la reapertura del Canfranc en opini\u00f3n de Crefco.<\/p>\n<p style=\"text-align: justify;\">Seg\u00fan se\u00f1alan, acudiendo a las cifras del Observatorio Hispano-Franc\u00e9s de Tr\u00e1fico en los Pirineos, cada a\u00f1o esa frontera es atravesada por casi 100 millones de toneladas de mercanc\u00edas (98,4 en 2015, \u00faltimo del que se tienen cifras oficiales) que viajan en cami\u00f3n (m\u00e1s de 21000 camiones al d\u00eda), mientras que solo 3,7 millones de toneladas lo hacen en tren. Las consecuencias desde el punto de vista medioambiental (emisiones de CO2 y part\u00edculas diesel), de seguridad (accidentes) y energ\u00e9tico (elevado consumo de combustibles f\u00f3siles) son evidentes.<\/p>\n<p style=\"text-align: justify;\">En Arag\u00f3n el inter\u00e9s por la reapertura del Canfranc es tambi\u00e9n econ\u00f3mico, \u201cpuesto que las empresas radicadas en nuestro territorio que importan y exportan productos por ferrocarril se ven obligadas a utilizar itinerarios mucho m\u00e1s largos para pasar por Port-Bou o Ir\u00fan donde, adem\u00e1s, hay que trasbordar las mercanc\u00edas por el diferente ancho de v\u00eda\u201d en los estados espa\u00f1ol y franc\u00e9s.<\/p>\n<p style=\"text-align: justify;\">\u201cEn el camino, esos trenes atraviesan zonas con elevado tr\u00e1fico de viajeros (cercan\u00edas) que penaliza el de trenes mercantes, alargando los tiempos de viaje. Importantes empresas se ven obligadas en la actualidad a utilizar la carretera por estas causas. Si el Canfranc se reabre ser\u00e1 con ancho de v\u00eda est\u00e1ndar europeo hasta Zaragoza, con lo que muchos de los actuales inconvenientes con que tropiezan las empresas aragonesas desaparecer\u00edan\u201d, apunta Garrido.<\/p>\n<p style=\"text-align: justify;\">\u201cOtro tema que nos preocupa \u2015ha se\u00f1alado el portavoz de Crefco\u2015 es que, justo en este momento, se haya resucitado la idea de la Traves\u00eda Central del Pirineo, porque ni la demanda existente o previsible en las pr\u00f3ximas d\u00e9cadas justifica la inversi\u00f3n, ni en Francia se contempla esta hip\u00f3tesis\u201d.<\/p>\n<p style=\"text-align: justify;\">En su opini\u00f3n, hablar de un ferrocarril que, teniendo en cuenta que exigir\u00eda perforar un t\u00fanel de m\u00e1s de 40 kil\u00f3metros, \u201ccostar\u00eda decenas de miles de millones de euros, justo cuando acaba de quebrar por falta de tr\u00e1fico la empresa\u201d que construy\u00f3 la l\u00ednea internacional Figueres-Perpiny\u00e0\/Perpignan, que incluye un t\u00fanel de solo 10 km, \u201ces un desprop\u00f3sito que lo \u00fanico que puede conseguir es que vuelva a retrasarse la opci\u00f3n m\u00e1s sensata y la \u00fanica viable, que es reabrir el Canfranc\u201d.<\/p>\n<p style=\"text-align: justify;\">Seg\u00fan Crefco, se calcula que el coste de dicha reapertura ser\u00eda de unos 500 millones de euros, entre los dos estados. \u201cLa l\u00ednea resultante, a pesar de ser de v\u00eda \u00fanica, tendr\u00eda una capacidad de entre 1,5 y 3 millones de toneladas. En la opci\u00f3n m\u00e1xima, con electrificaci\u00f3n y ERTMS, el Canfranc ser\u00eda capaz de mover casi las mismas mercanc\u00edas que transitan ahora por todos los pasos ferroviarios del Pirineo, incluido el t\u00fanel de Pert\u00fas. O sea, que con el Canfranc tendr\u00edamos capacidad sobrada para varias d\u00e9cadas\u201d, concluye Javier Garrido.<\/p>\n<p style=\"text-align: justify;\"><strong>Programa de actos<\/strong><\/p>\n<p style=\"text-align: justify;\">El programa del domingo incluye un photo-call que funcionar\u00e1 desde la llegada del tren de Zaragoza, a las 10.30 horas, en la entrada a la estaci\u00f3n. La idea es que todo el que quiera pueda hacerse una foto con el fondo del edificio hist\u00f3rico a\u00fan con v\u00edas ferroviarias, porque estas van a desaparecer dentro de unos meses.<\/p>\n<p style=\"text-align: justify;\">A las 12.00 horas, en el aparcamiento situado junto a la boca del t\u00fanel internacional, tendr\u00e1 lugar el acto central, terminado el cual Crefco y la organizaci\u00f3n francesa Creloc ofrecer\u00e1n a las personas asistentes un brindis con cava y champagne con motivo de su 25 aniversario. Finalmente se quiere hacer una foto de grupo con la estaci\u00f3n, tal y como est\u00e1 ahora, de fondo.<\/p>\n<p><img loading=\"lazy\" decoding=\"async\" class=\"size-full wp-image-76807 aligncenter\" src=\"http:\/\/www.rieles.com\/front\/wp-content\/uploads\/Canfranc-18-julio-424x600.jpg\" alt=\"\" width=\"424\" height=\"600\" srcset=\"https:\/\/www.rieles.com\/front\/wp-content\/uploads\/Canfranc-18-julio-424x600.jpg 424w, https:\/\/www.rieles.com\/front\/wp-content\/uploads\/Canfranc-18-julio-424x600-212x300.jpg 212w\" sizes=\"auto, (max-width: 424px) 100vw, 424px\" \/><\/p>\n<p>&nbsp;<\/p>\n<p>Fuente y fotograf\u00eda:\u00a0<a href=\"http:\/\/arainfo.org\/crefco-tenemos-que-seguir-vigilantes-para-conseguir-la-reapertura-del-canfranc\/\" target=\"_blank\" rel=\"noopener\"><span style=\"color: #ff0000;\"><strong>arainfo<\/strong><\/span><\/a><\/p>\n<p>&nbsp;<\/p>\n","protected":false},"excerpt":{"rendered":"<p>La Coordinadora para la reapertura del ferrocarril Canfranc-Olor\u00f3n (Crefco), que cumple 25 a\u00f1os, convoca su concentraci\u00f3n anual este domingo en Canfranc coincidiendo, adem\u00e1s, con el 90 cumplea\u00f1os de la estaci\u00f3n internacional que se celebra el 18 de julio. El lema de este a\u00f1o es &#8216;El Canfranc, la lucha de un pueblo&#8217;. La Coordinadora para la [&hellip;]<\/p>\n","protected":false},"author":1,"featured_media":76806,"comment_status":"closed","ping_status":"open","sticky":false,"template":"","format":"standard","meta":{"footnotes":""},"categories":[5],"tags":[9644],"class_list":["post-76805","post","type-post","status-publish","format-standard","has-post-thumbnail","category-internacionales","tag-news"],"_links":{"self":[{"href":"https:\/\/www.rieles.com\/front\/wp-json\/wp\/v2\/posts\/76805","targetHints":{"allow":["GET"]}}],"collection":[{"href":"https:\/\/www.rieles.com\/front\/wp-json\/wp\/v2\/posts"}],"about":[{"href":"https:\/\/www.rieles.com\/front\/wp-json\/wp\/v2\/types\/post"}],"author":[{"embeddable":true,"href":"https:\/\/www.rieles.com\/front\/wp-json\/wp\/v2\/users\/1"}],"replies":[{"embeddable":true,"href":"https:\/\/www.rieles.com\/front\/wp-json\/wp\/v2\/comments?post=76805"}],"version-history":[{"count":1,"href":"https:\/\/www.rieles.com\/front\/wp-json\/wp\/v2\/posts\/76805\/revisions"}],"predecessor-version":[{"id":76809,"href":"https:\/\/www.rieles.com\/front\/wp-json\/wp\/v2\/posts\/76805\/revisions\/76809"}],"wp:featuredmedia":[{"embeddable":true,"href":"https:\/\/www.rieles.com\/front\/wp-json\/wp\/v2\/media\/76806"}],"wp:attachment":[{"href":"https:\/\/www.rieles.com\/front\/wp-json\/wp\/v2\/media?parent=76805"}],"wp:term":[{"taxonomy":"category","embeddable":true,"href":"https:\/\/www.rieles.com\/front\/wp-json\/wp\/v2\/categories?post=76805"},{"taxonomy":"post_tag","embeddable":true,"href":"https:\/\/www.rieles.com\/front\/wp-json\/wp\/v2\/tags?post=76805"}],"curies":[{"name":"wp","href":"https:\/\/api.w.org\/{rel}","templated":true}]}}