{"id":78949,"date":"2018-08-27T09:08:00","date_gmt":"2018-08-27T12:08:00","guid":{"rendered":"http:\/\/www.rieles.com\/front\/?p=78949"},"modified":"2018-08-27T13:39:41","modified_gmt":"2018-08-27T16:39:41","slug":"venezuela-creara-prototipo-de-tren-de-pasajeros-con-mano-de-obra-100-nacional","status":"publish","type":"post","link":"https:\/\/www.rieles.com\/front\/venezuela-creara-prototipo-de-tren-de-pasajeros-con-mano-de-obra-100-nacional\/","title":{"rendered":"Venezuela crear\u00e1 prototipo de tren de pasajeros con mano de obra 100% nacional"},"content":{"rendered":"<p style=\"text-align: justify;\">27 de agosto de 2018. \u2013 El ministro del Poder Popular para el Transporte, Hip\u00f3lito Abreu, indic\u00f3 que ingenieros, t\u00e9cnicos y talento humano nacional presentar\u00e1n un prototipo de tren hecho 100% en Venezuela para el traslado de pasajeros.<\/p>\n<p style=\"text-align: justify;\">En entrevista realizada en el programa Al Aire, que transmite Venezolana de Televisi\u00f3n (VTV) el ministro indic\u00f3 que se tiene planeado reforzar todas las instalaciones que existen en los diferentes sistemas de metro y ferrocarriles en el pa\u00eds en el \u00e1rea de mantenimiento, \u00e1reas operativas, maquinarias entre otras antes de pensar en realizar compras al exterior y que cuando se estrictamente necesario que dicha inversi\u00f3n en divisas sea m\u00ednima.<\/p>\n<p><a href=\"http:\/\/www.rieles.com\/front\/wp-content\/uploads\/hipolito-2.jpg\"><img loading=\"lazy\" decoding=\"async\" class=\"size-full wp-image-78950 aligncenter\" src=\"http:\/\/www.rieles.com\/front\/wp-content\/uploads\/hipolito-2.jpg\" alt=\"\" width=\"600\" height=\"400\" srcset=\"https:\/\/www.rieles.com\/front\/wp-content\/uploads\/hipolito-2.jpg 600w, https:\/\/www.rieles.com\/front\/wp-content\/uploads\/hipolito-2-300x200.jpg 300w\" sizes=\"auto, (max-width: 600px) 100vw, 600px\" \/><\/a><\/p>\n<p style=\"text-align: justify;\">Tambi\u00e9n inform\u00f3 que para el sistema del Instituto de Ferrocarriles del Estado (IFE), se ha aumentado a 22 la cantidad de trenes operativos lo que conlleva a una mayor comodidad para los usuarios reduciendo el tiempo de espera entre trenes en el tramo Caracas-Valles del Tuy.<\/p>\n<p style=\"text-align: justify;\">El Ministro de Transporte indic\u00f3 adem\u00e1s que se inauguraron dos estaciones del sistema ferroviario Sim\u00f3n Bol\u00edvar desde el estado Lara al estado Yaracuy y este a\u00f1o se llegar\u00e1 a San Felipe. En los pr\u00f3ximos meses inauguraremos sistema ferroviario Ezequiel Zamora II, que ir\u00e1 desde San Diego hasta Guacara y, luego hasta San Joaqu\u00edn, asever\u00f3.<\/p>\n<p style=\"text-align: justify;\">Por \u00faltimo, Abreu sostuvo que se ha realizado una estrategia de distribuci\u00f3n de alimentos, donde se ha multiplicado la entrega de insumos como las cajas Clap, entre otros, gracias a la puesta en marcha de las diferentes rutas y tramos del ferrocarril de carga a nivel nacional, estando entre los planes est\u00e1 ampliar las rutas con la creaci\u00f3n y culminaci\u00f3n de tramos para interconectar puertos, aeropuertos, zonas industriales y de producci\u00f3n agr\u00edcola con todo el pa\u00eds. \/CC<\/p>\n<p><a href=\"http:\/\/www.rieles.com\/front\/wp-content\/uploads\/tren-2-1.jpg\"><img loading=\"lazy\" decoding=\"async\" class=\"size-full wp-image-78951 aligncenter\" src=\"http:\/\/www.rieles.com\/front\/wp-content\/uploads\/tren-2-1.jpg\" alt=\"\" width=\"600\" height=\"400\" srcset=\"https:\/\/www.rieles.com\/front\/wp-content\/uploads\/tren-2-1.jpg 600w, https:\/\/www.rieles.com\/front\/wp-content\/uploads\/tren-2-1-300x200.jpg 300w\" sizes=\"auto, (max-width: 600px) 100vw, 600px\" \/><\/a><\/p>\n<p><a href=\"http:\/\/www.rieles.com\/front\/wp-content\/uploads\/tren-3-1.jpg\"><img loading=\"lazy\" decoding=\"async\" class=\"size-full wp-image-78952 aligncenter\" src=\"http:\/\/www.rieles.com\/front\/wp-content\/uploads\/tren-3-1.jpg\" alt=\"\" width=\"600\" height=\"400\" srcset=\"https:\/\/www.rieles.com\/front\/wp-content\/uploads\/tren-3-1.jpg 600w, https:\/\/www.rieles.com\/front\/wp-content\/uploads\/tren-3-1-300x200.jpg 300w\" sizes=\"auto, (max-width: 600px) 100vw, 600px\" \/><\/a><\/p>\n<p style=\"text-align: justify;\">Venezolana de Televisi\u00f3n (VTV)<\/p>\n<p>&nbsp;<\/p>\n<p>Fuente y fotograf\u00eda:\u00a0<a href=\"https:\/\/www.aporrea.org\/trabajadores\/n330468.html\" target=\"_blank\" rel=\"noopener\"><span style=\"color: #ff0000;\"><strong>aporrea<\/strong><\/span><\/a><\/p>\n","protected":false},"excerpt":{"rendered":"<p>27 de agosto de 2018. \u2013 El ministro del Poder Popular para el Transporte, Hip\u00f3lito Abreu, indic\u00f3 que ingenieros, t\u00e9cnicos y talento humano nacional presentar\u00e1n un prototipo de tren hecho 100% en Venezuela para el traslado de pasajeros. En entrevista realizada en el programa Al Aire, que transmite Venezolana de Televisi\u00f3n (VTV) el ministro indic\u00f3 [&hellip;]<\/p>\n","protected":false},"author":1,"featured_media":78953,"comment_status":"closed","ping_status":"open","sticky":false,"template":"","format":"standard","meta":{"footnotes":""},"categories":[5],"tags":[9644],"class_list":["post-78949","post","type-post","status-publish","format-standard","has-post-thumbnail","category-internacionales","tag-news"],"_links":{"self":[{"href":"https:\/\/www.rieles.com\/front\/wp-json\/wp\/v2\/posts\/78949","targetHints":{"allow":["GET"]}}],"collection":[{"href":"https:\/\/www.rieles.com\/front\/wp-json\/wp\/v2\/posts"}],"about":[{"href":"https:\/\/www.rieles.com\/front\/wp-json\/wp\/v2\/types\/post"}],"author":[{"embeddable":true,"href":"https:\/\/www.rieles.com\/front\/wp-json\/wp\/v2\/users\/1"}],"replies":[{"embeddable":true,"href":"https:\/\/www.rieles.com\/front\/wp-json\/wp\/v2\/comments?post=78949"}],"version-history":[{"count":1,"href":"https:\/\/www.rieles.com\/front\/wp-json\/wp\/v2\/posts\/78949\/revisions"}],"predecessor-version":[{"id":78954,"href":"https:\/\/www.rieles.com\/front\/wp-json\/wp\/v2\/posts\/78949\/revisions\/78954"}],"wp:featuredmedia":[{"embeddable":true,"href":"https:\/\/www.rieles.com\/front\/wp-json\/wp\/v2\/media\/78953"}],"wp:attachment":[{"href":"https:\/\/www.rieles.com\/front\/wp-json\/wp\/v2\/media?parent=78949"}],"wp:term":[{"taxonomy":"category","embeddable":true,"href":"https:\/\/www.rieles.com\/front\/wp-json\/wp\/v2\/categories?post=78949"},{"taxonomy":"post_tag","embeddable":true,"href":"https:\/\/www.rieles.com\/front\/wp-json\/wp\/v2\/tags?post=78949"}],"curies":[{"name":"wp","href":"https:\/\/api.w.org\/{rel}","templated":true}]}}