{"id":80022,"date":"2018-09-18T08:20:07","date_gmt":"2018-09-18T11:20:07","guid":{"rendered":"http:\/\/www.rieles.com\/front\/?p=80022"},"modified":"2018-09-18T13:13:08","modified_gmt":"2018-09-18T16:13:08","slug":"alemania-la-innovacion-ferroviaria-protagonista-en-el-pabellon-espanol-de-la-feria-innotrans-2018","status":"publish","type":"post","link":"https:\/\/www.rieles.com\/front\/alemania-la-innovacion-ferroviaria-protagonista-en-el-pabellon-espanol-de-la-feria-innotrans-2018\/","title":{"rendered":"Alemania: La innovaci\u00f3n ferroviaria, protagonista en el Pabell\u00f3n espa\u00f1ol de la feria Innotrans 2018"},"content":{"rendered":"<p style=\"text-align: justify;\">La duod\u00e9cima feria y congreso mundial \u201cInnotrans 2018\u201d contar\u00e1 este a\u00f1o con una amplia representaci\u00f3n espa\u00f1ola. La Asociaci\u00f3n Ferroviaria Espa\u00f1ola (Mafex) coordina la presencia de 50 empresas en el Pabell\u00f3n Oficial Espa\u00f1ol, a las que se suman Renfe Operadora y Adif<\/p>\n<p style=\"text-align: justify;\">La Asociaci\u00f3n Ferroviaria Espa\u00f1ola (Mafex) coordina la presencia de las empresas en el Pabell\u00f3n Oficial Espa\u00f1ol en la feria InnoTrans 2018, sumando as\u00ed su octava edici\u00f3n consecutiva. En esta ocasi\u00f3n ser\u00e1n 50 las compa\u00f1\u00edas, que de manera agrupada, asistan a la mayor exposici\u00f3n mundial del sector. Adem\u00e1s, se contar\u00e1 con la participaci\u00f3n de Renfe y Adif que estar\u00e1n tambi\u00e9n en el stand de Mafex y que cuenta con el apoyo de ICEX Espa\u00f1a Exportaci\u00f3n e Inversiones.<\/p>\n<p style=\"text-align: justify;\">Asimismo, est\u00e1 prevista la presencia del Ministro de Fomento, Jos\u00e9 Luis \u00c1balos Meco, junto a los Presidentes de Adif y Renfe el 19 y el 20 de septiembre en apoyo a la industria ferroviaria espa\u00f1ola.<\/p>\n<p style=\"text-align: justify;\">La participaci\u00f3n agrupada en Innotrans 2018 servir\u00e1 para mostrar las numerosas aportaciones de la industria espa\u00f1ola al presente y futuro del ferrocarril, as\u00ed como sus avances en I+D. Precisamente, la innovaci\u00f3n de las empresas miembro de Mafex es uno de los aspectos que m\u00e1s inter\u00e9s despierta entre los profesionales del transporte mundial, tanto por su consolidada experiencia en proyectos internacionales de gran envergadura, como a su amplia gama de productos y servicios y sus adelantos tecnol\u00f3gicos. Una tecnolog\u00eda de vanguardia da como resultado avances significativos y constantes en materia de gesti\u00f3n medioambiental, sostenibilidad, interoperabilidad, automatizaci\u00f3n de sistemas, accesibilidad, confort del usuario y seguridad, entre otros aspectos.<\/p>\n<p style=\"text-align: justify;\">La amplia presencia espa\u00f1ola est\u00e1 formada por compa\u00f1\u00edas como: Adif, Albatros, Amurrio, Aquafrisch, Arcelormittal, Ardanuy Ingenier\u00eda, Electrot\u00e9cnica Arteche Smartgrid, Ceit-IK4, Cetest, Colway Ferroviaria, Comsa, Danobat, Duro Felguera Rail, Flexix, Funorsa, Gamarra, GMV, Goal Systems, Goratu M\u00e1quinas Herramienta, Grupo CAF, Icon Multimedia, Ikusi, Implaser, Ingeteam Power Technology, Indra, Industrial de Transformados, Ineco, International Hispacold, Jez Sistemas Ferroviarios, Kelox, La Farga, Limmat, Lander Simulation and Training Solutions, MB Sistemas S. Coop, Metalocaucho, MGN Transformaciones del Caucho, Nem Solutions, Newtek S\u00f3lidos, Patentes Talgo, Premium, Renfe Operadora, Revenga Smart Solutions, Segula, Sice, Talleres Alegr\u00eda, Talleres Corral Mecanizados, Tecnatom, Tecnivial, Telice, Teltronic, Thales Espa\u00f1a, Uromac Systems, UTE Ogi (Azvi \u2013 Tria), Virlab Testing Laboratory o Xubi Engranajes entre otros.<\/p>\n<p style=\"text-align: justify;\">Asimismo, otras empresas multinacionales con instalaciones en Espa\u00f1a y tambi\u00e9n socias de Mafex como Alstom, Bombardier, Siemens, Stadler o Thales, estar\u00e1n presentes en la feria a trav\u00e9s de los stands corporativos de sus matrices.<\/p>\n<p style=\"text-align: justify;\">Para Mafex, la presencia en la principal feria del transporte es, adem\u00e1s, una oportunidad \u00fanica de analizar los factores prioritarios en los que trabaja la asociaci\u00f3n para el futuro global del ferrocarril. Entre ellos, aspectos como la sostenibilidad, la I+D, el ecosistema digital, as\u00ed como la interoperabilidad.<\/p>\n<p style=\"text-align: justify;\">Presencia mundial y liderazgo<br \/>\nEn la actualidad, los servicios y la tecnolog\u00eda desarrollada por los 86 miembros que forman parte de Mafex est\u00e1n presentes en 95 pa\u00edses de todo el mundo. La alta cualificaci\u00f3n, experiencia en proyectos especial envergadura y el know-how propio ha hecho que se conviertan en socios preferentes en los planes de modernizaci\u00f3n y ampliaci\u00f3n de redes de transporte de los cinco continentes.<\/p>\n<p style=\"text-align: justify;\">Las empresas que forman parte de Mafex representaron, seg\u00fan datos oficiales, el 75% de las exportaciones espa\u00f1olas del sector en el a\u00f1o 2017. Durante ese mismo a\u00f1o, facturaron un importe de 14.500 millones de euros. Referido exclusivamente a su actividad ferroviaria, el importe fue de 5.000 millones de euros. En la actualidad, est\u00e1n presentes m\u00e1s de 95 pa\u00edses de todo el mundo.<\/p>\n<p style=\"text-align: justify;\">Estas cifras muestran c\u00f3mo el sector espa\u00f1ol se ha convertido en un socio ferroviario preferente por sus m\u00faltiples cualidades. Su amplio conocimiento t\u00e9cnico, la alta preparaci\u00f3n de sus expertos, as\u00ed como la sinergia de trabajo de los equipos multidisciplinares, est\u00e1n presentes en la planificaci\u00f3n, dise\u00f1o y puesta en funcionamiento de numerosos sistemas de transporte.<\/p>\n<p>&nbsp;<\/p>\n<p>Fuente y fotograf\u00eda:\u00a0<a href=\"https:\/\/www.merca2.es\/la-innovacion-ferroviaria-protagonista-en-el-pabellon-espanol-de-la-feria-innotrans-2018\/\" target=\"_blank\" rel=\"noopener\"><span style=\"color: #ff0000;\"><strong>merca2<\/strong><\/span><\/a><\/p>\n","protected":false},"excerpt":{"rendered":"<p>La duod\u00e9cima feria y congreso mundial \u201cInnotrans 2018\u201d contar\u00e1 este a\u00f1o con una amplia representaci\u00f3n espa\u00f1ola. La Asociaci\u00f3n Ferroviaria Espa\u00f1ola (Mafex) coordina la presencia de 50 empresas en el Pabell\u00f3n Oficial Espa\u00f1ol, a las que se suman Renfe Operadora y Adif La Asociaci\u00f3n Ferroviaria Espa\u00f1ola (Mafex) coordina la presencia de las empresas en el Pabell\u00f3n [&hellip;]<\/p>\n","protected":false},"author":1,"featured_media":80023,"comment_status":"closed","ping_status":"open","sticky":false,"template":"","format":"standard","meta":{"footnotes":""},"categories":[5],"tags":[9644],"class_list":{"0":"post-80022","1":"post","2":"type-post","3":"status-publish","4":"format-standard","5":"has-post-thumbnail","7":"category-internacionales","8":"tag-news"},"_links":{"self":[{"href":"https:\/\/www.rieles.com\/front\/wp-json\/wp\/v2\/posts\/80022","targetHints":{"allow":["GET"]}}],"collection":[{"href":"https:\/\/www.rieles.com\/front\/wp-json\/wp\/v2\/posts"}],"about":[{"href":"https:\/\/www.rieles.com\/front\/wp-json\/wp\/v2\/types\/post"}],"author":[{"embeddable":true,"href":"https:\/\/www.rieles.com\/front\/wp-json\/wp\/v2\/users\/1"}],"replies":[{"embeddable":true,"href":"https:\/\/www.rieles.com\/front\/wp-json\/wp\/v2\/comments?post=80022"}],"version-history":[{"count":1,"href":"https:\/\/www.rieles.com\/front\/wp-json\/wp\/v2\/posts\/80022\/revisions"}],"predecessor-version":[{"id":80024,"href":"https:\/\/www.rieles.com\/front\/wp-json\/wp\/v2\/posts\/80022\/revisions\/80024"}],"wp:featuredmedia":[{"embeddable":true,"href":"https:\/\/www.rieles.com\/front\/wp-json\/wp\/v2\/media\/80023"}],"wp:attachment":[{"href":"https:\/\/www.rieles.com\/front\/wp-json\/wp\/v2\/media?parent=80022"}],"wp:term":[{"taxonomy":"category","embeddable":true,"href":"https:\/\/www.rieles.com\/front\/wp-json\/wp\/v2\/categories?post=80022"},{"taxonomy":"post_tag","embeddable":true,"href":"https:\/\/www.rieles.com\/front\/wp-json\/wp\/v2\/tags?post=80022"}],"curies":[{"name":"wp","href":"https:\/\/api.w.org\/{rel}","templated":true}]}}