{"id":80598,"date":"2018-10-02T08:25:54","date_gmt":"2018-10-02T11:25:54","guid":{"rendered":"http:\/\/www.rieles.com\/front\/?p=80598"},"modified":"2018-10-02T16:24:36","modified_gmt":"2018-10-02T19:24:36","slug":"belgica-caf-construira-y-suministrara-los-trenes-del-tranvia-de-lieja","status":"publish","type":"post","link":"https:\/\/www.rieles.com\/front\/belgica-caf-construira-y-suministrara-los-trenes-del-tranvia-de-lieja\/","title":{"rendered":"B\u00e9lgica: CAF construir\u00e1 y suministrar\u00e1 los trenes del tranv\u00eda de Lieja"},"content":{"rendered":"<p style=\"text-align: justify;\">La empresa fabricante de ferrocarriles CAF construir\u00e1 y suministrar\u00e1 los trenes del tranv\u00eda de Lieja (B\u00e9lgica). En concreto, CAF har\u00e1 los veinte trenes, as\u00ed como sus sistemas de se\u00f1alizaci\u00f3n, telecomunicaciones, energ\u00eda y su posterior mantenimiento.<\/p>\n<p style=\"text-align: justify;\">De hecho, CAF refuerza su posici\u00f3n en la zona del Benelux, donde ha conseguido importantes pedidos en los \u00faltimos a\u00f1os, como los del suministro de trenes para el metro de Bruselas o de tranv\u00edas para \u00c1msterdam y Luxemburgo.<\/p>\n<p style=\"text-align: justify;\">Adem\u00e1s, CAF forma parte del consorcio al que el Operador Val\u00f3n de Transporte (OTW), quien ha sido el seleccionado como adjudicatario para la construcci\u00f3n de la nueva l\u00ednea de tranv\u00eda de Lieja. La l\u00ednea de tranv\u00eda cuenta con 11,7 kil\u00f3metros de largo, con 20 estaciones y el suministro de 20 trenes.<\/p>\n<p style=\"text-align: justify;\">El consorcio adjudicatario del contrato lo completan la constructora local Colas Belgium y el fondo DIF, y compet\u00eda por el proyecto con otro grupo de empresas liderado por Alstom.<\/p>\n<p style=\"text-align: justify;\">Por otro lado, las compa\u00f1\u00edas de ferrocarriles Renfe y CAF compiten con los grandes operadores europeos de transporte y log\u00edstica para hacerse con la explotaci\u00f3n del proyecto que Espa\u00f1a y Francia promueven para que los camiones de mercanc\u00edas crucen los Pirineos a bordo de trenes.<\/p>\n<p>&nbsp;<\/p>\n<p>Fuente y fotograf\u00eda:\u00a0<a href=\"http:\/\/noticiaslogisticaytransporte.com\/empresas\/02\/10\/2018\/caf-construira-y-suministrara-los-trenes-del-tranvia-de-lieja\/127660.html\" target=\"_blank\" rel=\"noopener\"><span style=\"color: #ff0000;\"><strong>noticiaslogisticaytransporte<\/strong><\/span><\/a><\/p>\n","protected":false},"excerpt":{"rendered":"<p>La empresa fabricante de ferrocarriles CAF construir\u00e1 y suministrar\u00e1 los trenes del tranv\u00eda de Lieja (B\u00e9lgica). En concreto, CAF har\u00e1 los veinte trenes, as\u00ed como sus sistemas de se\u00f1alizaci\u00f3n, telecomunicaciones, energ\u00eda y su posterior mantenimiento. De hecho, CAF refuerza su posici\u00f3n en la zona del Benelux, donde ha conseguido importantes pedidos en los \u00faltimos a\u00f1os, [&hellip;]<\/p>\n","protected":false},"author":1,"featured_media":80599,"comment_status":"closed","ping_status":"open","sticky":false,"template":"","format":"standard","meta":{"footnotes":""},"categories":[5],"tags":[9644],"class_list":["post-80598","post","type-post","status-publish","format-standard","has-post-thumbnail","category-internacionales","tag-news"],"_links":{"self":[{"href":"https:\/\/www.rieles.com\/front\/wp-json\/wp\/v2\/posts\/80598","targetHints":{"allow":["GET"]}}],"collection":[{"href":"https:\/\/www.rieles.com\/front\/wp-json\/wp\/v2\/posts"}],"about":[{"href":"https:\/\/www.rieles.com\/front\/wp-json\/wp\/v2\/types\/post"}],"author":[{"embeddable":true,"href":"https:\/\/www.rieles.com\/front\/wp-json\/wp\/v2\/users\/1"}],"replies":[{"embeddable":true,"href":"https:\/\/www.rieles.com\/front\/wp-json\/wp\/v2\/comments?post=80598"}],"version-history":[{"count":1,"href":"https:\/\/www.rieles.com\/front\/wp-json\/wp\/v2\/posts\/80598\/revisions"}],"predecessor-version":[{"id":80600,"href":"https:\/\/www.rieles.com\/front\/wp-json\/wp\/v2\/posts\/80598\/revisions\/80600"}],"wp:featuredmedia":[{"embeddable":true,"href":"https:\/\/www.rieles.com\/front\/wp-json\/wp\/v2\/media\/80599"}],"wp:attachment":[{"href":"https:\/\/www.rieles.com\/front\/wp-json\/wp\/v2\/media?parent=80598"}],"wp:term":[{"taxonomy":"category","embeddable":true,"href":"https:\/\/www.rieles.com\/front\/wp-json\/wp\/v2\/categories?post=80598"},{"taxonomy":"post_tag","embeddable":true,"href":"https:\/\/www.rieles.com\/front\/wp-json\/wp\/v2\/tags?post=80598"}],"curies":[{"name":"wp","href":"https:\/\/api.w.org\/{rel}","templated":true}]}}