{"id":81998,"date":"2018-11-13T10:50:06","date_gmt":"2018-11-13T13:50:06","guid":{"rendered":"http:\/\/www.rieles.com\/front\/?p=81998"},"modified":"2018-11-13T16:12:19","modified_gmt":"2018-11-13T19:12:19","slug":"uruguay-fernando-sobral-sera-gerente-de-afe","status":"publish","type":"post","link":"https:\/\/www.rieles.com\/front\/uruguay-fernando-sobral-sera-gerente-de-afe\/","title":{"rendered":"Uruguay: Fernando Sobral ser\u00e1 gerente de AFE"},"content":{"rendered":"<p style=\"text-align: justify;\">El expresidente del club Defensor Sporting, Fernando Sobral, ser\u00e1 el nuevo gerente general de AFE en sustituci\u00f3n de Enrique Cabrera, dijeron a El Pa\u00eds fuentes de la empresa.<\/p>\n<p style=\"text-align: justify;\">Sobral ha integrado el Consejo Ejecutivo de la Asociaci\u00f3n Uruguaya de F\u00fatbol, ha tenido actividad en casas cambiarias e integra el Frente Amplio.<\/p>\n<p style=\"text-align: justify;\">Sobral sustituye a Cabrera quien pasar\u00e1 a desempe\u00f1arse como ministro del Tribunal de Cuentas, en sustituci\u00f3n de Le\u00f3n Lev. Cabrera hab\u00eda quedado en posici\u00f3n inc\u00f3moda luego de que AFE debiera dejar sin efecto una ceremonia para reinaugurar el servicio de tren de pasajeros a Empalme Olmos a la que hab\u00eda concurrido la presidenta en ejercicio, Luc\u00eda Topolansky, debido a un paro de la Uni\u00f3n Ferroviaria. Sobral ser\u00e1 el cuarto gerente en cinco a\u00f1os de AFE.<\/p>\n<p style=\"text-align: justify;\">Durante el actual directorio ya debi\u00f3 dejar el cargo Am\u00e9rico Fern\u00e1ndez, cercano a Jorge Setelich, subsecretario de Transporte, expresidente de AFE y medio hermano del exvicepresidente Ra\u00fal Sendic, durante otro conflicto sindical. Fue sustituido por Fernando Valls, tambi\u00e9n cercano a Sendic, que tuvo y tiene muy mala relaci\u00f3n con el sindicato. En agosto de 2017 se produjo un enroque y Valls fue designado como gerente general de Servicios Log\u00edsticos Ferroviarios, la operadora de carga de AFE, en sustituci\u00f3n de Gonzalo Ponce de Le\u00f3n.<\/p>\n<p>&nbsp;<\/p>\n<p>Fuente y fotograf\u00eda:\u00a0<a href=\"https:\/\/www.elpais.com.uy\/informacion\/politica\/fernando-sobral-sera-gerente-afe.html\" target=\"_blank\" rel=\"noopener\"><span style=\"color: #ff0000;\"><strong>elpais<\/strong><\/span><\/a><\/p>\n","protected":false},"excerpt":{"rendered":"<p>El expresidente del club Defensor Sporting, Fernando Sobral, ser\u00e1 el nuevo gerente general de AFE en sustituci\u00f3n de Enrique Cabrera, dijeron a El Pa\u00eds fuentes de la empresa. Sobral ha integrado el Consejo Ejecutivo de la Asociaci\u00f3n Uruguaya de F\u00fatbol, ha tenido actividad en casas cambiarias e integra el Frente Amplio. Sobral sustituye a Cabrera [&hellip;]<\/p>\n","protected":false},"author":1,"featured_media":81999,"comment_status":"closed","ping_status":"open","sticky":false,"template":"","format":"standard","meta":{"footnotes":""},"categories":[5],"tags":[9644],"class_list":["post-81998","post","type-post","status-publish","format-standard","has-post-thumbnail","category-internacionales","tag-news"],"_links":{"self":[{"href":"https:\/\/www.rieles.com\/front\/wp-json\/wp\/v2\/posts\/81998","targetHints":{"allow":["GET"]}}],"collection":[{"href":"https:\/\/www.rieles.com\/front\/wp-json\/wp\/v2\/posts"}],"about":[{"href":"https:\/\/www.rieles.com\/front\/wp-json\/wp\/v2\/types\/post"}],"author":[{"embeddable":true,"href":"https:\/\/www.rieles.com\/front\/wp-json\/wp\/v2\/users\/1"}],"replies":[{"embeddable":true,"href":"https:\/\/www.rieles.com\/front\/wp-json\/wp\/v2\/comments?post=81998"}],"version-history":[{"count":1,"href":"https:\/\/www.rieles.com\/front\/wp-json\/wp\/v2\/posts\/81998\/revisions"}],"predecessor-version":[{"id":82000,"href":"https:\/\/www.rieles.com\/front\/wp-json\/wp\/v2\/posts\/81998\/revisions\/82000"}],"wp:featuredmedia":[{"embeddable":true,"href":"https:\/\/www.rieles.com\/front\/wp-json\/wp\/v2\/media\/81999"}],"wp:attachment":[{"href":"https:\/\/www.rieles.com\/front\/wp-json\/wp\/v2\/media?parent=81998"}],"wp:term":[{"taxonomy":"category","embeddable":true,"href":"https:\/\/www.rieles.com\/front\/wp-json\/wp\/v2\/categories?post=81998"},{"taxonomy":"post_tag","embeddable":true,"href":"https:\/\/www.rieles.com\/front\/wp-json\/wp\/v2\/tags?post=81998"}],"curies":[{"name":"wp","href":"https:\/\/api.w.org\/{rel}","templated":true}]}}