{"id":82166,"date":"2018-11-29T12:58:45","date_gmt":"2018-11-29T15:58:45","guid":{"rendered":"http:\/\/www.rieles.com\/front\/?p=82166"},"modified":"2018-11-29T16:01:05","modified_gmt":"2018-11-29T19:01:05","slug":"uruguay-estaria-confirmada-la-construccion-del-ferrocarril-central","status":"publish","type":"post","link":"https:\/\/www.rieles.com\/front\/uruguay-estaria-confirmada-la-construccion-del-ferrocarril-central\/","title":{"rendered":"Uruguay: Estar\u00eda confirmada la construcci\u00f3n del Ferrocarril Central"},"content":{"rendered":"<p style=\"text-align: justify;\">Noticia de \u00faltimo momento que pone en relieve que Uruguay est\u00e1 afianzandose como uno de los centros log\u00edsticos de la regi\u00f3n.<\/p>\n<p style=\"text-align: justify;\">Se trata de la confirmaci\u00f3n de la construcci\u00f3n del Ferrocarril Central, v\u00eda que facilitar\u00e1 la salida de la producci\u00f3n entre la ciudad de Durazno y el puerto de Montevideo, con reducci\u00f3n de costos y aumento de la rentabilidad para los productores.<\/p>\n<p style=\"text-align: justify;\">La informaci\u00f3n fue confirmada por el propio presidente Tabar\u00e9 V\u00e1zquez, quien adelant\u00f3 que las obras de construcci\u00f3n de dicho ramal iniciar\u00edan el mes de enero del pr\u00f3ximo a\u00f1o.<\/p>\n<p style=\"text-align: justify;\">En ese sentido, el Tribunal de Cuentas aprobar\u00eda el proceso licitatorio para la construcci\u00f3n de 300 kil\u00f3metros de v\u00edas f\u00e9rreas del Ferrocarril que no se condiciona solo a las tareas de UPM, sino que servir\u00e1 para que productores, importadores y exportadores agilicen procesos log\u00edsticos.<\/p>\n<p>&nbsp;<\/p>\n<p>Fuente y fotograf\u00eda:\u00a0<a href=\"https:\/\/www.todologistica.com\/index.php\/uruguay\/7907-estaria-confirmada-la-construccion-del-ferrocarril-central\" target=\"_blank\" rel=\"noopener\"><span style=\"color: #ff0000;\"><strong>todologistica<\/strong><\/span><\/a><\/p>\n","protected":false},"excerpt":{"rendered":"<p>Noticia de \u00faltimo momento que pone en relieve que Uruguay est\u00e1 afianzandose como uno de los centros log\u00edsticos de la regi\u00f3n. Se trata de la confirmaci\u00f3n de la construcci\u00f3n del Ferrocarril Central, v\u00eda que facilitar\u00e1 la salida de la producci\u00f3n entre la ciudad de Durazno y el puerto de Montevideo, con reducci\u00f3n de costos y [&hellip;]<\/p>\n","protected":false},"author":1,"featured_media":82167,"comment_status":"closed","ping_status":"open","sticky":false,"template":"","format":"standard","meta":{"footnotes":""},"categories":[5],"tags":[9644],"class_list":{"0":"post-82166","1":"post","2":"type-post","3":"status-publish","4":"format-standard","5":"has-post-thumbnail","7":"category-internacionales","8":"tag-news"},"_links":{"self":[{"href":"https:\/\/www.rieles.com\/front\/wp-json\/wp\/v2\/posts\/82166","targetHints":{"allow":["GET"]}}],"collection":[{"href":"https:\/\/www.rieles.com\/front\/wp-json\/wp\/v2\/posts"}],"about":[{"href":"https:\/\/www.rieles.com\/front\/wp-json\/wp\/v2\/types\/post"}],"author":[{"embeddable":true,"href":"https:\/\/www.rieles.com\/front\/wp-json\/wp\/v2\/users\/1"}],"replies":[{"embeddable":true,"href":"https:\/\/www.rieles.com\/front\/wp-json\/wp\/v2\/comments?post=82166"}],"version-history":[{"count":1,"href":"https:\/\/www.rieles.com\/front\/wp-json\/wp\/v2\/posts\/82166\/revisions"}],"predecessor-version":[{"id":82168,"href":"https:\/\/www.rieles.com\/front\/wp-json\/wp\/v2\/posts\/82166\/revisions\/82168"}],"wp:featuredmedia":[{"embeddable":true,"href":"https:\/\/www.rieles.com\/front\/wp-json\/wp\/v2\/media\/82167"}],"wp:attachment":[{"href":"https:\/\/www.rieles.com\/front\/wp-json\/wp\/v2\/media?parent=82166"}],"wp:term":[{"taxonomy":"category","embeddable":true,"href":"https:\/\/www.rieles.com\/front\/wp-json\/wp\/v2\/categories?post=82166"},{"taxonomy":"post_tag","embeddable":true,"href":"https:\/\/www.rieles.com\/front\/wp-json\/wp\/v2\/tags?post=82166"}],"curies":[{"name":"wp","href":"https:\/\/api.w.org\/{rel}","templated":true}]}}