{"id":82853,"date":"2018-12-14T08:32:00","date_gmt":"2018-12-14T11:32:00","guid":{"rendered":"http:\/\/www.rieles.com\/front\/?p=82853"},"modified":"2018-12-14T10:37:07","modified_gmt":"2018-12-14T13:37:07","slug":"espana-euskadi-asume-manana-la-titularidad-de-las-dos-lineas-de-tren-transferidas","status":"publish","type":"post","link":"https:\/\/www.rieles.com\/front\/espana-euskadi-asume-manana-la-titularidad-de-las-dos-lineas-de-tren-transferidas\/","title":{"rendered":"Espa\u00f1a: Euskadi asume ma\u00f1ana la titularidad de las dos l\u00edneas de tren transferidas"},"content":{"rendered":"<p style=\"text-align: justify;\">El decreto que recog\u00eda el acuerdo sobre la AP-1 se public\u00f3 el pasado mi\u00e9rcoles<\/p>\n<p style=\"text-align: justify;\">El Gobierno vasco asume a partir de ma\u00f1ana los bienes, instalaciones, gesti\u00f3n, coordinaci\u00f3n e inspecci\u00f3n de las l\u00edneas ferroviarias de mercanc\u00edas Basurto Hospital-Ariz, de 7 kil\u00f3metros, y la de Irauregi-Lutxana-Barakaldo, de 6, traspasadas a Euskadi en la \u00faltima Comisi\u00f3n Mixta de Transferencias.<\/p>\n<p style=\"text-align: justify;\">GASTEIZ. El Bolet\u00edn Oficial del Pa\u00eds Vasco publica hoy el decreto por el que se aprueba el acuerdo de la Comisi\u00f3n Mixta celebrada el pasado 26 de noviembre en Bilbao.<\/p>\n<p style=\"text-align: justify;\">Este es el segundo de los dos decretos que plasman los acuerdos alcanzados entonces entre los gobiernos espa\u00f1ol y vasco, ya que el anterior, el que recog\u00eda el acuerdo sobre la AP-1, se public\u00f3 el pasado mi\u00e9rcoles.<\/p>\n<p style=\"text-align: justify;\">El decreto publicado hoy en el BOPV, igual que el anterior, se publica, tambi\u00e9n, en el Bolet\u00edn Oficial del Estado y entra en vigor ma\u00f1ana, despu\u00e9s de que el Consejo de Ministros aprobase el viernes de la semana pasada el real decreto de traspaso a Euskadi de la titularidad de estas dos l\u00edneas f\u00e9rreas.<\/p>\n<p>&nbsp;<\/p>\n<p>Fuente y fotograf\u00eda:\u00a0<a href=\"https:\/\/www.deia.eus\/2018\/12\/14\/politica\/euskadi\/-euskadi-asume-manana-la-titularidad-de-las-dos-lineas-de-tren-transferidas-\" target=\"_blank\" rel=\"noopener\"><span style=\"color: #ff0000;\"><strong>deia<\/strong><\/span><\/a><\/p>\n","protected":false},"excerpt":{"rendered":"<p>El decreto que recog\u00eda el acuerdo sobre la AP-1 se public\u00f3 el pasado mi\u00e9rcoles El Gobierno vasco asume a partir de ma\u00f1ana los bienes, instalaciones, gesti\u00f3n, coordinaci\u00f3n e inspecci\u00f3n de las l\u00edneas ferroviarias de mercanc\u00edas Basurto Hospital-Ariz, de 7 kil\u00f3metros, y la de Irauregi-Lutxana-Barakaldo, de 6, traspasadas a Euskadi en la \u00faltima Comisi\u00f3n Mixta de [&hellip;]<\/p>\n","protected":false},"author":1,"featured_media":82854,"comment_status":"closed","ping_status":"open","sticky":false,"template":"","format":"standard","meta":{"footnotes":""},"categories":[5],"tags":[9644],"class_list":["post-82853","post","type-post","status-publish","format-standard","has-post-thumbnail","category-internacionales","tag-news"],"_links":{"self":[{"href":"https:\/\/www.rieles.com\/front\/wp-json\/wp\/v2\/posts\/82853","targetHints":{"allow":["GET"]}}],"collection":[{"href":"https:\/\/www.rieles.com\/front\/wp-json\/wp\/v2\/posts"}],"about":[{"href":"https:\/\/www.rieles.com\/front\/wp-json\/wp\/v2\/types\/post"}],"author":[{"embeddable":true,"href":"https:\/\/www.rieles.com\/front\/wp-json\/wp\/v2\/users\/1"}],"replies":[{"embeddable":true,"href":"https:\/\/www.rieles.com\/front\/wp-json\/wp\/v2\/comments?post=82853"}],"version-history":[{"count":1,"href":"https:\/\/www.rieles.com\/front\/wp-json\/wp\/v2\/posts\/82853\/revisions"}],"predecessor-version":[{"id":82855,"href":"https:\/\/www.rieles.com\/front\/wp-json\/wp\/v2\/posts\/82853\/revisions\/82855"}],"wp:featuredmedia":[{"embeddable":true,"href":"https:\/\/www.rieles.com\/front\/wp-json\/wp\/v2\/media\/82854"}],"wp:attachment":[{"href":"https:\/\/www.rieles.com\/front\/wp-json\/wp\/v2\/media?parent=82853"}],"wp:term":[{"taxonomy":"category","embeddable":true,"href":"https:\/\/www.rieles.com\/front\/wp-json\/wp\/v2\/categories?post=82853"},{"taxonomy":"post_tag","embeddable":true,"href":"https:\/\/www.rieles.com\/front\/wp-json\/wp\/v2\/tags?post=82853"}],"curies":[{"name":"wp","href":"https:\/\/api.w.org\/{rel}","templated":true}]}}