{"id":83731,"date":"2019-01-14T12:45:39","date_gmt":"2019-01-14T15:45:39","guid":{"rendered":"http:\/\/www.rieles.com\/front\/?p=83731"},"modified":"2019-01-14T12:45:39","modified_gmt":"2019-01-14T15:45:39","slug":"denuncian-desmantelamiento-del-tren-de-cargas-que-une-garupa-con-buenos-aires","status":"publish","type":"post","link":"https:\/\/www.rieles.com\/front\/denuncian-desmantelamiento-del-tren-de-cargas-que-une-garupa-con-buenos-aires\/","title":{"rendered":"Denuncian desmantelamiento del tren de cargas que une Garup\u00e1 con Buenos Aires"},"content":{"rendered":"<p style=\"text-align: justify;\">Los trabajadores denuncian que el Gobierno no cumpli\u00f3 con las inversiones y est\u00e1 dejando morir un servicio clave para las econom\u00edas regionales.<\/p>\n<p style=\"text-align: justify;\">Los trabajadores del ferrocarril Urquiza Cargas denunciaron que el Gobierno nacional est\u00e1 desmantelando el servicio, que no se realizan inversiones y que ello conlleva la p\u00e9rdida de puestos de trabajo en Misiones y Corrientes.<\/p>\n<p style=\"text-align: justify;\">La Agrupaci\u00f3n Ram\u00f3n Caillo del Sindicato La Fraternidad emiti\u00f3 un comunicado para alertar sobre el drama que est\u00e1n atravesando y buscar que los gobiernos provinciales y municipales ayuden a frenar la desaparici\u00f3n del servicio que une la localidad misionera de Garup\u00e1 con la estaci\u00f3n bonaerense de Z\u00e1rate.<\/p>\n<p style=\"text-align: justify;\">\u201cEl gobierno nacional est\u00e1 llevando a cabo un recorte en la zona norte de la l\u00ednea que ya ha provocado el cierre de tres bases operativas Paso de Los libres y Santo Tom\u00e9 (Corrientes) y Garup\u00e1 (Misiones)\u201d, se\u00f1alaron.<\/p>\n<p style=\"text-align: justify;\">Remarcaron que \u201cel cierre de estas bases laborales tiene consecuencias directas sobre el personal, en el caso de los conductores de trenes debieron ser reubicados en otras bases lejos de su familia teniendo que sufrir el desarraigo, con la incertidumbre s\u00ed podr\u00e1n mantener su estabilidad laboral\u201d.<\/p>\n<p style=\"text-align: justify;\">En el documento le reclaman los incumplimientos al Gobierno nacional: \u201cDebemos mencionar que este ferrocarril fue incluido en Plan Belgrano para la renovaci\u00f3n y mejoramiento de v\u00edas, que no se cumpli\u00f3, y la proyecci\u00f3n de traer locomotoras nuevas, que tambi\u00e9n nunca se cumpli\u00f3\u201d.<\/p>\n<p style=\"text-align: justify;\">\u201cNuestra l\u00ednea Urquiza Cargas siempre se ha destacado por el transporte de los productos regionales de Misiones y Corrientes: madera, pasta para papel prensa, soja, cereales, agua, contenedores, etc\u00e9tera, por estas razones es un estado alarmante ya que se trata de algo premeditado para favorecer otros intereses o cerrar el ferrocarril\u201d, denunciaron.<\/p>\n<p style=\"text-align: justify;\">Los ferroviarios expresaron tambi\u00e9n que \u201cal rumbo de la pol\u00edtica econ\u00f3mica que lleva adelante este gobierno, cuyas consecuencias negativas repercuten fuertemente sobre el empleo, los sistemas de seguridad social, las econom\u00edas regionales y los servicios p\u00fablicos; ahora se suma a esta situaci\u00f3n de la l\u00ednea Urquiza Cargas\u201d.<\/p>\n<p style=\"text-align: justify;\">\u201cDesde el Sindicato la Fraternidad salimos a los medios con el prop\u00f3sito de difundir nuestra problem\u00e1tica y buscar la forma de reparar esta situaci\u00f3n laboral en un marco de di\u00e1logo y entendimiento\u201d, solicitaron.<\/p>\n<p style=\"text-align: justify;\">Por \u00faltimo, adelantaron que \u201cbuscaremos la soluci\u00f3n: nos proponemos trabajar en la recuperaci\u00f3n o incorporaci\u00f3n de clientes recorriendo las provincias de Corrientes y Misiones, de esta manera hablaremos con cooperativas, productores, intendentes, y autoridades provinciales en la b\u00fasqueda de propuestas para recuperar los clientes perdidos y para aumentar la cartera de empresas para transportar por tren, con el claro objetivo de mantener la fuente laboral y de desarrollar las econom\u00edas regionales\u201d.<\/p>\n<p>&nbsp;<\/p>\n<p>Fuente y fotograf\u00eda:\u00a0<a href=\"http:\/\/www.primeraedicion.com.ar\/nota\/100072268\/denuncian-desmantelamiento-del-tren-de-cargas-que-une-garupa-con-buenos-aires\/\" target=\"_blank\" rel=\"noopener\"><span style=\"color: #ff0000;\"><strong>primeraedicion<\/strong><\/span><\/a><\/p>\n","protected":false},"excerpt":{"rendered":"<p>Los trabajadores denuncian que el Gobierno no cumpli\u00f3 con las inversiones y est\u00e1 dejando morir un servicio clave para las econom\u00edas regionales. Los trabajadores del ferrocarril Urquiza Cargas denunciaron que el Gobierno nacional est\u00e1 desmantelando el servicio, que no se realizan inversiones y que ello conlleva la p\u00e9rdida de puestos de trabajo en Misiones y [&hellip;]<\/p>\n","protected":false},"author":1,"featured_media":83732,"comment_status":"closed","ping_status":"open","sticky":false,"template":"","format":"standard","meta":{"footnotes":""},"categories":[4],"tags":[9644],"class_list":["post-83731","post","type-post","status-publish","format-standard","has-post-thumbnail","category-nacionales","tag-news"],"_links":{"self":[{"href":"https:\/\/www.rieles.com\/front\/wp-json\/wp\/v2\/posts\/83731","targetHints":{"allow":["GET"]}}],"collection":[{"href":"https:\/\/www.rieles.com\/front\/wp-json\/wp\/v2\/posts"}],"about":[{"href":"https:\/\/www.rieles.com\/front\/wp-json\/wp\/v2\/types\/post"}],"author":[{"embeddable":true,"href":"https:\/\/www.rieles.com\/front\/wp-json\/wp\/v2\/users\/1"}],"replies":[{"embeddable":true,"href":"https:\/\/www.rieles.com\/front\/wp-json\/wp\/v2\/comments?post=83731"}],"version-history":[{"count":1,"href":"https:\/\/www.rieles.com\/front\/wp-json\/wp\/v2\/posts\/83731\/revisions"}],"predecessor-version":[{"id":83733,"href":"https:\/\/www.rieles.com\/front\/wp-json\/wp\/v2\/posts\/83731\/revisions\/83733"}],"wp:featuredmedia":[{"embeddable":true,"href":"https:\/\/www.rieles.com\/front\/wp-json\/wp\/v2\/media\/83732"}],"wp:attachment":[{"href":"https:\/\/www.rieles.com\/front\/wp-json\/wp\/v2\/media?parent=83731"}],"wp:term":[{"taxonomy":"category","embeddable":true,"href":"https:\/\/www.rieles.com\/front\/wp-json\/wp\/v2\/categories?post=83731"},{"taxonomy":"post_tag","embeddable":true,"href":"https:\/\/www.rieles.com\/front\/wp-json\/wp\/v2\/tags?post=83731"}],"curies":[{"name":"wp","href":"https:\/\/api.w.org\/{rel}","templated":true}]}}