{"id":90394,"date":"2019-07-24T13:20:58","date_gmt":"2019-07-24T16:20:58","guid":{"rendered":"http:\/\/www.rieles.com\/front\/?p=90394"},"modified":"2019-07-24T13:20:58","modified_gmt":"2019-07-24T16:20:58","slug":"trenes-argentinos-infraestructura-informa","status":"publish","type":"post","link":"https:\/\/www.rieles.com\/front\/trenes-argentinos-infraestructura-informa\/","title":{"rendered":"Trenes Argentinos Infraestructura &#8211; Informa"},"content":{"rendered":"<p style=\"text-align: justify;\"><strong>Buenos Aires &#8211; Argentina &#8211; 24\/07\/2019:\u00a0<\/strong>Siguen los avances de las obras en la estaci\u00f3n Carup\u00e1, donde se esta construyendo nuevos andenes elevados, m\u00e1s modernos y con mejores accesos. Cuando se termine se habr\u00e1 renovado todas las estaciones del municipio de San Fernando en el ramal Tigre.<\/p>\n<p style=\"text-align: center;\"><a href=\"http:\/\/www.rieles.com\/front\/wp-content\/uploads\/EAL9el9XoAsTcNJ.jpg\"><img loading=\"lazy\" decoding=\"async\" class=\"alignnone size-full wp-image-90396\" src=\"http:\/\/www.rieles.com\/front\/wp-content\/uploads\/EAL9el9XoAsTcNJ.jpg\" alt=\"\" width=\"679\" height=\"453\" srcset=\"https:\/\/www.rieles.com\/front\/wp-content\/uploads\/EAL9el9XoAsTcNJ.jpg 679w, https:\/\/www.rieles.com\/front\/wp-content\/uploads\/EAL9el9XoAsTcNJ-300x200.jpg 300w\" sizes=\"auto, (max-width: 679px) 100vw, 679px\" \/><\/a><\/p>\n<p>&nbsp;<\/p>\n<p style=\"text-align: center;\"><a href=\"http:\/\/www.rieles.com\/front\/wp-content\/uploads\/EAL9el7XUAEWgVB.jpg\"><img loading=\"lazy\" decoding=\"async\" class=\"alignnone size-full wp-image-90397\" src=\"http:\/\/www.rieles.com\/front\/wp-content\/uploads\/EAL9el7XUAEWgVB.jpg\" alt=\"\" width=\"679\" height=\"453\" srcset=\"https:\/\/www.rieles.com\/front\/wp-content\/uploads\/EAL9el7XUAEWgVB.jpg 679w, https:\/\/www.rieles.com\/front\/wp-content\/uploads\/EAL9el7XUAEWgVB-300x200.jpg 300w\" sizes=\"auto, (max-width: 679px) 100vw, 679px\" \/><\/a><\/p>\n<p style=\"text-align: justify;\">\nPor otra parte en la localidad de Ramallo, se sigue realizando el recambio de durmientes fisurados en las v\u00edas del ramal de la l\u00ednea Mitre que une con la ciudad de Rosario, en el citado ramal se han reemplazado 20.000 durmientes. Esto permiti\u00f3 reducir en 50 minutos el tiempo de viaje, de acuerdo a lo informado por TAI, una vez terminada la obra los servicios a Rosario, C\u00f3rdoba y Tucum\u00e1n se ver\u00e1n favorecidos con una del tiempo de viaje.<\/p>\n<p style=\"text-align: center;\"><a href=\"http:\/\/www.rieles.com\/front\/wp-content\/uploads\/EAMMnhlXsAIVfiK.jpg\"><img loading=\"lazy\" decoding=\"async\" class=\"alignnone size-full wp-image-90399\" src=\"http:\/\/www.rieles.com\/front\/wp-content\/uploads\/EAMMnhlXsAIVfiK.jpg\" alt=\"\" width=\"680\" height=\"383\" srcset=\"https:\/\/www.rieles.com\/front\/wp-content\/uploads\/EAMMnhlXsAIVfiK.jpg 680w, https:\/\/www.rieles.com\/front\/wp-content\/uploads\/EAMMnhlXsAIVfiK-300x169.jpg 300w\" sizes=\"auto, (max-width: 680px) 100vw, 680px\" \/><\/a><\/p>\n<p><a href=\"http:\/\/www.rieles.com\/front\/wp-content\/uploads\/EAMMnhjW4AAnp8p.jpg\"><img loading=\"lazy\" decoding=\"async\" class=\"alignnone size-full wp-image-90398\" src=\"http:\/\/www.rieles.com\/front\/wp-content\/uploads\/EAMMnhjW4AAnp8p.jpg\" alt=\"\" width=\"900\" height=\"506\" srcset=\"https:\/\/www.rieles.com\/front\/wp-content\/uploads\/EAMMnhjW4AAnp8p.jpg 900w, https:\/\/www.rieles.com\/front\/wp-content\/uploads\/EAMMnhjW4AAnp8p-300x169.jpg 300w, https:\/\/www.rieles.com\/front\/wp-content\/uploads\/EAMMnhjW4AAnp8p-768x432.jpg 768w\" sizes=\"auto, (max-width: 900px) 100vw, 900px\" \/><\/a><\/p>\n<p><strong>Fuente:\u00a0<span style=\"color: #ff0000;\">Agencia Rieles<\/span><\/strong><\/p>\n","protected":false},"excerpt":{"rendered":"<p>Buenos Aires &#8211; Argentina &#8211; 24\/07\/2019:\u00a0Siguen los avances de las obras en la estaci\u00f3n Carup\u00e1, donde se esta construyendo nuevos andenes elevados, m\u00e1s modernos y con mejores accesos. Cuando se termine se habr\u00e1 renovado todas las estaciones del municipio de San Fernando en el ramal Tigre. &nbsp; Por otra parte en la localidad de Ramallo, [&hellip;]<\/p>\n","protected":false},"author":1,"featured_media":90395,"comment_status":"closed","ping_status":"open","sticky":false,"template":"","format":"standard","meta":{"footnotes":""},"categories":[4,9161],"tags":[10855,9105,9644],"class_list":{"0":"post-90394","1":"post","2":"type-post","3":"status-publish","4":"format-standard","5":"has-post-thumbnail","7":"category-nacionales","8":"category-rielesagencia","9":"tag-10855","10":"tag-actualidad","11":"tag-news"},"_links":{"self":[{"href":"https:\/\/www.rieles.com\/front\/wp-json\/wp\/v2\/posts\/90394","targetHints":{"allow":["GET"]}}],"collection":[{"href":"https:\/\/www.rieles.com\/front\/wp-json\/wp\/v2\/posts"}],"about":[{"href":"https:\/\/www.rieles.com\/front\/wp-json\/wp\/v2\/types\/post"}],"author":[{"embeddable":true,"href":"https:\/\/www.rieles.com\/front\/wp-json\/wp\/v2\/users\/1"}],"replies":[{"embeddable":true,"href":"https:\/\/www.rieles.com\/front\/wp-json\/wp\/v2\/comments?post=90394"}],"version-history":[{"count":1,"href":"https:\/\/www.rieles.com\/front\/wp-json\/wp\/v2\/posts\/90394\/revisions"}],"predecessor-version":[{"id":90400,"href":"https:\/\/www.rieles.com\/front\/wp-json\/wp\/v2\/posts\/90394\/revisions\/90400"}],"wp:featuredmedia":[{"embeddable":true,"href":"https:\/\/www.rieles.com\/front\/wp-json\/wp\/v2\/media\/90395"}],"wp:attachment":[{"href":"https:\/\/www.rieles.com\/front\/wp-json\/wp\/v2\/media?parent=90394"}],"wp:term":[{"taxonomy":"category","embeddable":true,"href":"https:\/\/www.rieles.com\/front\/wp-json\/wp\/v2\/categories?post=90394"},{"taxonomy":"post_tag","embeddable":true,"href":"https:\/\/www.rieles.com\/front\/wp-json\/wp\/v2\/tags?post=90394"}],"curies":[{"name":"wp","href":"https:\/\/api.w.org\/{rel}","templated":true}]}}