{"id":91746,"date":"2019-09-03T10:48:57","date_gmt":"2019-09-03T13:48:57","guid":{"rendered":"http:\/\/www.rieles.com\/front\/?p=91746"},"modified":"2019-09-03T10:48:57","modified_gmt":"2019-09-03T13:48:57","slug":"belgrano-cargas-y-logistica-novedades-2","status":"publish","type":"post","link":"https:\/\/www.rieles.com\/front\/belgrano-cargas-y-logistica-novedades-2\/","title":{"rendered":"Belgrano Cargas y Log\u00edstica &#8211; Novedades"},"content":{"rendered":"<p style=\"text-align: justify;\"><strong>Buenos Aires &#8211; Argentina &#8211; 03\/09\/2019:\u00a0<\/strong>La empresa Belgrano Cargas y Log\u00edstica, continua con su plan de visitas a las distintas bases operativas que la empresa dispone en sus tres l\u00edneas que en la actualidad opera.<\/p>\n<p style=\"text-align: center;\"><a href=\"http:\/\/www.rieles.com\/front\/wp-content\/uploads\/EDP8f_CW4AEuflA.jpg\"><img loading=\"lazy\" decoding=\"async\" class=\"alignnone size-large wp-image-91747\" src=\"http:\/\/www.rieles.com\/front\/wp-content\/uploads\/EDP8f_CW4AEuflA-1024x1024.jpg\" alt=\"\" width=\"630\" height=\"630\" srcset=\"https:\/\/www.rieles.com\/front\/wp-content\/uploads\/EDP8f_CW4AEuflA.jpg 1024w, https:\/\/www.rieles.com\/front\/wp-content\/uploads\/EDP8f_CW4AEuflA-150x150.jpg 150w, https:\/\/www.rieles.com\/front\/wp-content\/uploads\/EDP8f_CW4AEuflA-300x300.jpg 300w, https:\/\/www.rieles.com\/front\/wp-content\/uploads\/EDP8f_CW4AEuflA-768x768.jpg 768w\" sizes=\"auto, (max-width: 630px) 100vw, 630px\" \/><\/a><\/p>\n<p style=\"text-align: justify;\">En esta oportunidad su presidente, Ezequiel Lemos, recorri\u00f3 las bases operativas de Jun\u00edn (Provincia de Buenos Aires), Rufino y Soldini (Provincia de Santa Fe), con el objetivo de conocer de primera mano todo lo que acontece a cada una de ellas.<\/p>\n<p style=\"text-align: center;\"><a href=\"http:\/\/www.rieles.com\/front\/wp-content\/uploads\/EDP8f_EXUAA0WfS.jpg\"><img loading=\"lazy\" decoding=\"async\" class=\"alignnone size-large wp-image-91748\" src=\"http:\/\/www.rieles.com\/front\/wp-content\/uploads\/EDP8f_EXUAA0WfS-1024x850.jpg\" alt=\"\" width=\"630\" height=\"523\" srcset=\"https:\/\/www.rieles.com\/front\/wp-content\/uploads\/EDP8f_EXUAA0WfS.jpg 1024w, https:\/\/www.rieles.com\/front\/wp-content\/uploads\/EDP8f_EXUAA0WfS-300x249.jpg 300w, https:\/\/www.rieles.com\/front\/wp-content\/uploads\/EDP8f_EXUAA0WfS-768x637.jpg 768w\" sizes=\"auto, (max-width: 630px) 100vw, 630px\" \/><\/a><\/p>\n<p style=\"text-align: justify;\">Por otra parte, tambi\u00e9n se aprovech\u00f3 estas visitas para informar a todo el personal sobre los\u00a0alcanzados durante estos \u00faltimos a\u00f1os y seguir con el foco puesto en seguir trabajando de manera profesional y transparente para que el tren de cargas contin\u00fae creciendo.<\/p>\n<p style=\"text-align: center;\"><a href=\"http:\/\/www.rieles.com\/front\/wp-content\/uploads\/EDP8f_EXYAUtwB9.jpg\"><img loading=\"lazy\" decoding=\"async\" class=\"alignnone size-large wp-image-91749\" src=\"http:\/\/www.rieles.com\/front\/wp-content\/uploads\/EDP8f_EXYAUtwB9-1024x1024.jpg\" alt=\"\" width=\"630\" height=\"630\" srcset=\"https:\/\/www.rieles.com\/front\/wp-content\/uploads\/EDP8f_EXYAUtwB9.jpg 1024w, https:\/\/www.rieles.com\/front\/wp-content\/uploads\/EDP8f_EXYAUtwB9-150x150.jpg 150w, https:\/\/www.rieles.com\/front\/wp-content\/uploads\/EDP8f_EXYAUtwB9-300x300.jpg 300w, https:\/\/www.rieles.com\/front\/wp-content\/uploads\/EDP8f_EXYAUtwB9-768x768.jpg 768w\" sizes=\"auto, (max-width: 630px) 100vw, 630px\" \/><\/a><\/p>\n<p style=\"text-align: justify;\">Este tipo de actividades logran un sentido de pertenencia en los trabajadores haci\u00e9ndolos participes en forma directa de la situaci\u00f3n actual de la empresa.<\/p>\n<p style=\"text-align: center;\"><a href=\"http:\/\/www.rieles.com\/front\/wp-content\/uploads\/EDP8f_CX4AIFFc7.jpg\"><img loading=\"lazy\" decoding=\"async\" class=\"alignnone size-large wp-image-91750\" src=\"http:\/\/www.rieles.com\/front\/wp-content\/uploads\/EDP8f_CX4AIFFc7-1024x1024.jpg\" alt=\"\" width=\"630\" height=\"630\" srcset=\"https:\/\/www.rieles.com\/front\/wp-content\/uploads\/EDP8f_CX4AIFFc7.jpg 1024w, https:\/\/www.rieles.com\/front\/wp-content\/uploads\/EDP8f_CX4AIFFc7-150x150.jpg 150w, https:\/\/www.rieles.com\/front\/wp-content\/uploads\/EDP8f_CX4AIFFc7-300x300.jpg 300w, https:\/\/www.rieles.com\/front\/wp-content\/uploads\/EDP8f_CX4AIFFc7-768x768.jpg 768w\" sizes=\"auto, (max-width: 630px) 100vw, 630px\" \/><\/a><\/p>\n<p><strong>Fuente:\u00a0<span style=\"color: #ff0000;\">Agencia Rieles<\/span><\/strong><\/p>\n","protected":false},"excerpt":{"rendered":"<p>Buenos Aires &#8211; Argentina &#8211; 03\/09\/2019:\u00a0La empresa Belgrano Cargas y Log\u00edstica, continua con su plan de visitas a las distintas bases operativas que la empresa dispone en sus tres l\u00edneas que en la actualidad opera. En esta oportunidad su presidente, Ezequiel Lemos, recorri\u00f3 las bases operativas de Jun\u00edn (Provincia de Buenos Aires), Rufino y Soldini [&hellip;]<\/p>\n","protected":false},"author":1,"featured_media":88683,"comment_status":"closed","ping_status":"open","sticky":false,"template":"","format":"standard","meta":{"footnotes":""},"categories":[4,9161],"tags":[10855,9105,9644],"class_list":["post-91746","post","type-post","status-publish","format-standard","has-post-thumbnail","category-nacionales","category-rielesagencia","tag-10855","tag-actualidad","tag-news"],"_links":{"self":[{"href":"https:\/\/www.rieles.com\/front\/wp-json\/wp\/v2\/posts\/91746","targetHints":{"allow":["GET"]}}],"collection":[{"href":"https:\/\/www.rieles.com\/front\/wp-json\/wp\/v2\/posts"}],"about":[{"href":"https:\/\/www.rieles.com\/front\/wp-json\/wp\/v2\/types\/post"}],"author":[{"embeddable":true,"href":"https:\/\/www.rieles.com\/front\/wp-json\/wp\/v2\/users\/1"}],"replies":[{"embeddable":true,"href":"https:\/\/www.rieles.com\/front\/wp-json\/wp\/v2\/comments?post=91746"}],"version-history":[{"count":1,"href":"https:\/\/www.rieles.com\/front\/wp-json\/wp\/v2\/posts\/91746\/revisions"}],"predecessor-version":[{"id":91751,"href":"https:\/\/www.rieles.com\/front\/wp-json\/wp\/v2\/posts\/91746\/revisions\/91751"}],"wp:featuredmedia":[{"embeddable":true,"href":"https:\/\/www.rieles.com\/front\/wp-json\/wp\/v2\/media\/88683"}],"wp:attachment":[{"href":"https:\/\/www.rieles.com\/front\/wp-json\/wp\/v2\/media?parent=91746"}],"wp:term":[{"taxonomy":"category","embeddable":true,"href":"https:\/\/www.rieles.com\/front\/wp-json\/wp\/v2\/categories?post=91746"},{"taxonomy":"post_tag","embeddable":true,"href":"https:\/\/www.rieles.com\/front\/wp-json\/wp\/v2\/tags?post=91746"}],"curies":[{"name":"wp","href":"https:\/\/api.w.org\/{rel}","templated":true}]}}