{"id":92601,"date":"2019-10-02T08:45:06","date_gmt":"2019-10-02T11:45:06","guid":{"rendered":"http:\/\/www.rieles.com\/front\/?p=92601"},"modified":"2019-10-02T08:45:06","modified_gmt":"2019-10-02T11:45:06","slug":"baradero-despues-de-una-larga-ausencia-recupera-el-servicio-de-pasajeros","status":"publish","type":"post","link":"https:\/\/www.rieles.com\/front\/baradero-despues-de-una-larga-ausencia-recupera-el-servicio-de-pasajeros\/","title":{"rendered":"Baradero: Despu\u00e9s de una larga ausencia recupera el servicio de pasajeros"},"content":{"rendered":"<p style=\"text-align: justify;\"><strong>Buenos Aires &#8211; Argentina &#8211; 02\/10\/2019:\u00a0<\/strong>La ciudad de Baradero contar\u00e1 con un servicio diario que une Buenos Aires con Rosario. Adem\u00e1s, el gobierno de Fernanda Antonijevic tambi\u00e9n logr\u00f3 que, dos veces por semana, paren los trenes que van rumbo a Tucum\u00e1n y a C\u00f3rdoba.<\/p>\n<p style=\"text-align: justify;\">\u201cCuando asumimos el municipio y solicitamos que el tren pare en Baradero primero nos dijeron que no era posible por el estado en que estaba el edificio. Ah\u00ed empezamos a buscarle una soluci\u00f3n con trenes argentinos y logramos cerrar el edificio quemado de la estaci\u00f3n, para evitar el ingreso de personas y evitar riesgos, mejoramos los andenes, colocamos luces, hicimos un paso peatonal para cruzar de un and\u00e9n al otro\u201d, explic\u00f3 a ZonaNorteHoy.com el secretario de Gobierno, Mart\u00edn Genoud.<\/p>\n<p style=\"text-align: justify;\">\u201cHabr\u00e1 un servicio diario que cubre el trayecto Buenos Aires Rosario. A las 6 de la ma\u00f1ana pasar\u00e1 por Baradero, rumbo a Capital Federal. Y a la vuelta cerca de las 20 horas se detendr\u00e1 en la ciudad. Tambi\u00e9n logramos que pare dos veces por semana el tren que va a Tucum\u00e1n y otra dos veces semanales el servicio que tiene como destino C\u00f3rdoba\u201d, explic\u00f3 el funcionario.<\/p>\n<p style=\"text-align: justify;\">\u201cEsta semana el Presidente de Trenes Argentinos, Marcelo Orfila, estar\u00eda haciendo el anuncio en la ciudad, informando cuando parar\u00eda por primera vez el tren en Baradero\u201d, complet\u00f3.<\/p>\n<p style=\"text-align: justify;\">Cabe destacar que desde ahora los pasaje por se venden por internet o por la aplicaci\u00f3n por internet.<\/p>\n<p><strong>Fuente:\u00a0<span style=\"color: #ff0000;\">Zona Norte Hoy<\/span><\/strong><\/p>\n","protected":false},"excerpt":{"rendered":"<p>Buenos Aires &#8211; Argentina &#8211; 02\/10\/2019:\u00a0La ciudad de Baradero contar\u00e1 con un servicio diario que une Buenos Aires con Rosario. Adem\u00e1s, el gobierno de Fernanda Antonijevic tambi\u00e9n logr\u00f3 que, dos veces por semana, paren los trenes que van rumbo a Tucum\u00e1n y a C\u00f3rdoba. \u201cCuando asumimos el municipio y solicitamos que el tren pare en [&hellip;]<\/p>\n","protected":false},"author":1,"featured_media":92602,"comment_status":"closed","ping_status":"open","sticky":false,"template":"","format":"standard","meta":{"footnotes":""},"categories":[4],"tags":[10855,9105,9644],"class_list":["post-92601","post","type-post","status-publish","format-standard","has-post-thumbnail","category-nacionales","tag-10855","tag-actualidad","tag-news"],"_links":{"self":[{"href":"https:\/\/www.rieles.com\/front\/wp-json\/wp\/v2\/posts\/92601","targetHints":{"allow":["GET"]}}],"collection":[{"href":"https:\/\/www.rieles.com\/front\/wp-json\/wp\/v2\/posts"}],"about":[{"href":"https:\/\/www.rieles.com\/front\/wp-json\/wp\/v2\/types\/post"}],"author":[{"embeddable":true,"href":"https:\/\/www.rieles.com\/front\/wp-json\/wp\/v2\/users\/1"}],"replies":[{"embeddable":true,"href":"https:\/\/www.rieles.com\/front\/wp-json\/wp\/v2\/comments?post=92601"}],"version-history":[{"count":1,"href":"https:\/\/www.rieles.com\/front\/wp-json\/wp\/v2\/posts\/92601\/revisions"}],"predecessor-version":[{"id":92603,"href":"https:\/\/www.rieles.com\/front\/wp-json\/wp\/v2\/posts\/92601\/revisions\/92603"}],"wp:featuredmedia":[{"embeddable":true,"href":"https:\/\/www.rieles.com\/front\/wp-json\/wp\/v2\/media\/92602"}],"wp:attachment":[{"href":"https:\/\/www.rieles.com\/front\/wp-json\/wp\/v2\/media?parent=92601"}],"wp:term":[{"taxonomy":"category","embeddable":true,"href":"https:\/\/www.rieles.com\/front\/wp-json\/wp\/v2\/categories?post=92601"},{"taxonomy":"post_tag","embeddable":true,"href":"https:\/\/www.rieles.com\/front\/wp-json\/wp\/v2\/tags?post=92601"}],"curies":[{"name":"wp","href":"https:\/\/api.w.org\/{rel}","templated":true}]}}