{"id":96524,"date":"2020-05-18T11:09:41","date_gmt":"2020-05-18T14:09:41","guid":{"rendered":"http:\/\/www.rieles.com\/front\/?p=96524"},"modified":"2020-05-18T11:09:41","modified_gmt":"2020-05-18T14:09:41","slug":"el-gobierno-pondra-a-prueba-un-nuevo-sistema-de-turnos-para-los-pasajeros-que-viajen-en-tren-en-hora-pico","status":"publish","type":"post","link":"https:\/\/www.rieles.com\/front\/el-gobierno-pondra-a-prueba-un-nuevo-sistema-de-turnos-para-los-pasajeros-que-viajen-en-tren-en-hora-pico\/","title":{"rendered":"El Gobierno pondr\u00e1 a prueba un nuevo sistema de turnos para los pasajeros que viajen en tren en hora pico"},"content":{"rendered":"<p style=\"text-align: justify;\"><strong>Buenos Aires &#8211; Argentina &#8211; 18\/05\/2020:\u00a0<\/strong>Para evitar la aglomeraci\u00f3n de pasajeros en la hora pico como consecuencia de las nuevas actividades exceptuadas del aislamiento social, preventivo y obligatorio, el Gobierno pondr\u00e1 a prueba un nuevo sistema de turnos para reservar asientos en los trenes para las hora pico.<\/p>\n<blockquote>\n<p style=\"text-align: justify;\">Seg\u00fan precis\u00f3 el ministro de Transporte, Mario Meoni, esta semana comenzar\u00e1 a funcionar en la l\u00ednea Mitre y si tiene buenos resultados se ampliar\u00e1 a todas las dem\u00e1s<\/p>\n<\/blockquote>\n<p style=\"text-align: justify;\">As\u00ed lo inform\u00f3 el ministro de Transporte, Mario Meoni, quien adelant\u00f3 que esta semana comenzar\u00e1n los primeros ensayos en la l\u00ednea Mitre y que si esta herramienta da buenos resultados, la medida se extender\u00e1 al resto de las formaciones.<\/p>\n<p style=\"text-align: justify;\">\u00abEl volumen de pasajeros en el transporte p\u00fablico ha crecido, pero no es tan importante como para que tengamos preocupaci\u00f3n de que haya un aglomeramiento\u201d, explic\u00f3 el funcionario durante una entrevista radial.<\/p>\n<p style=\"text-align: justify;\">Al respecto, Meoni reconoci\u00f3 que \u201chubo problemas puntuales en algunas de las l\u00edneas ferroviarias\u00bb, pero asegur\u00f3 que \u00abten\u00edan que ver con que una de las formaciones no sali\u00f3 y, obviamente, la siguiente carg\u00f3 con las personas de dos viajes.<\/p>\n<p style=\"text-align: justify;\">De hecho, recientemente hubo quejas en las redes sociales por parte de los usuarios del tren Sarmiento por la gran cantidad de personas que viajan diariamente en los vagones, una situaci\u00f3n que fue comprobada por Infobae.<\/p>\n<figure id=\"attachment_96526\" aria-describedby=\"caption-attachment-96526\" style=\"width: 750px\" class=\"wp-caption alignnone\"><a href=\"http:\/\/www.rieles.com\/front\/wp-content\/uploads\/TREN-4.jpg\"><img loading=\"lazy\" decoding=\"async\" class=\"size-full wp-image-96526\" src=\"http:\/\/www.rieles.com\/front\/wp-content\/uploads\/TREN-4.jpg\" alt=\"\" width=\"750\" height=\"500\" srcset=\"https:\/\/www.rieles.com\/front\/wp-content\/uploads\/TREN-4.jpg 750w, https:\/\/www.rieles.com\/front\/wp-content\/uploads\/TREN-4-300x200.jpg 300w\" sizes=\"auto, (max-width: 750px) 100vw, 750px\" \/><\/a><figcaption id=\"caption-attachment-96526\" class=\"wp-caption-text\">El sistema busca evitar aglomeraciones en los trenes. (Maxiliano Luna)<\/figcaption><\/figure>\n<p style=\"text-align: justify;\">\u201cPor eso estamos pensando, y esta semana se va a poner operativo como prueba en el Mitre, en primer lugar, la reserva de asiento previa solamente para el horario pico, el resto del d\u00eda no va a ser necesario, para evitar que la gente se contagie y garantizar que se pueda mantener la distancia social\u201d, explic\u00f3 el ministro.<\/p>\n<p style=\"text-align: justify;\">En este sentido, Meoni detall\u00f3 que su cartera est\u00e1 \u201cdesarrollando una App (para dispositivos m\u00f3viles) a trav\u00e9s de Trenes Argentinos\u00bb para que los pasajeros habituales de este servicio puedan asegurarse su lugar para un viaje determinado, \u00abya que las formaciones tienen un cronograma establecido\u201d.<\/p>\n<p style=\"text-align: justify;\">Si bien todav\u00eda no hay mucha m\u00e1s informaci\u00f3n sobre este nuevo sistema, el funcionario coment\u00f3 el proceso tambi\u00e9n se va a poder hacer \u201cpor llamado telef\u00f3nico u otras modalidades\u201d.<\/p>\n<p style=\"text-align: justify;\">\u201cPor ejemplo, si usted saliera de Mor\u00f3n el d\u00eda mi\u00e9rcoles a las 6:45, va a poder reservar un asiento en esa formaci\u00f3n y se le va a entregar un c\u00f3digo QR o un mensaje de texto que le va a llegar a su tel\u00e9fono de contacto (confirmando la operaci\u00f3n)\u00bb, agreg\u00f3.<\/p>\n<figure id=\"attachment_96527\" aria-describedby=\"caption-attachment-96527\" style=\"width: 750px\" class=\"wp-caption aligncenter\"><a href=\"http:\/\/www.rieles.com\/front\/wp-content\/uploads\/LA-PLATA.jpg\"><img loading=\"lazy\" decoding=\"async\" class=\"size-full wp-image-96527\" src=\"http:\/\/www.rieles.com\/front\/wp-content\/uploads\/LA-PLATA.jpg\" alt=\"\" width=\"750\" height=\"501\" srcset=\"https:\/\/www.rieles.com\/front\/wp-content\/uploads\/LA-PLATA.jpg 750w, https:\/\/www.rieles.com\/front\/wp-content\/uploads\/LA-PLATA-300x200.jpg 300w\" sizes=\"auto, (max-width: 750px) 100vw, 750px\" \/><\/a><figcaption id=\"caption-attachment-96527\" class=\"wp-caption-text\">La reserva se podr\u00e1 hacer a trav\u00e9s de la app de Trenes Argentinos o por otras modalidades.<\/figcaption><\/figure>\n<p style=\"text-align: justify;\">El titular de la cartera de Transporte explic\u00f3 que por el momento esta herramienta va a estar en la etapa de prueba, pero destac\u00f3 que, \u00absi funciona bien, va a permitir que no viaje m\u00e1s gente de la necesaria y que adem\u00e1s no tengan que esperar en los andenes, junt\u00e1ndose con otras personas, corriendo el mismo riesgo de contagio que si estuviera en el tren\u201d.<\/p>\n<p style=\"text-align: justify;\">El ministro sostuvo que una de las razones por las cuales se tom\u00f3 esta decisi\u00f3n es porque a partir de las nuevas actividades econ\u00f3micas que comenzaron a reabrirse \u201cse ha duplicado\u201d la cantidad de usuarios de la tarjeta SUBE en el \u00c1rea Metropolitana de Buenos Aires, ya que \u201ccuando todo empez\u00f3 hab\u00eda cerca de 500 mil personas y hoy se est\u00e1 en el orden de 1.120.000 que viajaron el viernes \u00faltimo\u201d.<\/p>\n<p style=\"text-align: justify;\">Sin embargo, aclar\u00f3 que esa cifra es \u201ccerca del 27 o 28%\u201d del total de pasajeros que se registraban antes de que se decretara el aislamiento obligatorio y \u201clas unidades de colectivos que hay ahora siguen siendo las mismas\u201d que antes trasladaban a unas 4 millones de personas diarias.<\/p>\n<p style=\"text-align: justify;\">Ante esta situaci\u00f3n, el Gobierno nacional ya hab\u00eda comenzado a analizar junto a las autoridades porte\u00f1as y bonaerenses algunas posibles iniciativas para descomprimir el uso del transporte p\u00fablico, entre las cuales estaba la de bloquear la SUBE de todo usuario que no tuviera permiso de circulaci\u00f3n, pero esto todav\u00eda est\u00e1 en estudio.<\/p>\n<p><strong>Fuente:\u00a0<a href=\"https:\/\/www.infobae.com\/sociedad\/2020\/05\/18\/el-gobierno-pondra-a-prueba-un-nuevo-sistema-de-turnos-para-los-pasajeros-que-viajen-en-tren-en-hora-pico\/\" target=\"_blank\" rel=\"noopener\"><span style=\"color: #ff0000;\">Infobae<\/span><\/a><\/strong><\/p>\n","protected":false},"excerpt":{"rendered":"<p>Buenos Aires &#8211; Argentina &#8211; 18\/05\/2020:\u00a0Para evitar la aglomeraci\u00f3n de pasajeros en la hora pico como consecuencia de las nuevas actividades exceptuadas del aislamiento social, preventivo y obligatorio, el Gobierno pondr\u00e1 a prueba un nuevo sistema de turnos para reservar asientos en los trenes para las hora pico. Seg\u00fan precis\u00f3 el ministro de Transporte, Mario [&hellip;]<\/p>\n","protected":false},"author":1,"featured_media":96525,"comment_status":"closed","ping_status":"open","sticky":false,"template":"","format":"standard","meta":{"footnotes":""},"categories":[4],"tags":[10855,9105,9644],"class_list":{"0":"post-96524","1":"post","2":"type-post","3":"status-publish","4":"format-standard","5":"has-post-thumbnail","7":"category-nacionales","8":"tag-10855","9":"tag-actualidad","10":"tag-news"},"_links":{"self":[{"href":"https:\/\/www.rieles.com\/front\/wp-json\/wp\/v2\/posts\/96524","targetHints":{"allow":["GET"]}}],"collection":[{"href":"https:\/\/www.rieles.com\/front\/wp-json\/wp\/v2\/posts"}],"about":[{"href":"https:\/\/www.rieles.com\/front\/wp-json\/wp\/v2\/types\/post"}],"author":[{"embeddable":true,"href":"https:\/\/www.rieles.com\/front\/wp-json\/wp\/v2\/users\/1"}],"replies":[{"embeddable":true,"href":"https:\/\/www.rieles.com\/front\/wp-json\/wp\/v2\/comments?post=96524"}],"version-history":[{"count":1,"href":"https:\/\/www.rieles.com\/front\/wp-json\/wp\/v2\/posts\/96524\/revisions"}],"predecessor-version":[{"id":96528,"href":"https:\/\/www.rieles.com\/front\/wp-json\/wp\/v2\/posts\/96524\/revisions\/96528"}],"wp:featuredmedia":[{"embeddable":true,"href":"https:\/\/www.rieles.com\/front\/wp-json\/wp\/v2\/media\/96525"}],"wp:attachment":[{"href":"https:\/\/www.rieles.com\/front\/wp-json\/wp\/v2\/media?parent=96524"}],"wp:term":[{"taxonomy":"category","embeddable":true,"href":"https:\/\/www.rieles.com\/front\/wp-json\/wp\/v2\/categories?post=96524"},{"taxonomy":"post_tag","embeddable":true,"href":"https:\/\/www.rieles.com\/front\/wp-json\/wp\/v2\/tags?post=96524"}],"curies":[{"name":"wp","href":"https:\/\/api.w.org\/{rel}","templated":true}]}}