{"id":96530,"date":"2020-05-18T11:24:04","date_gmt":"2020-05-18T14:24:04","guid":{"rendered":"http:\/\/www.rieles.com\/front\/?p=96530"},"modified":"2020-05-18T11:24:04","modified_gmt":"2020-05-18T14:24:04","slug":"manana-alaf-maccaferri-apdfa-brindaran-una-capacitacion","status":"publish","type":"post","link":"https:\/\/www.rieles.com\/front\/manana-alaf-maccaferri-apdfa-brindaran-una-capacitacion\/","title":{"rendered":"Ma\u00f1ana ALAF-MACCAFERRI-APDFA brindaran una capacitaci\u00f3n"},"content":{"rendered":"<p style=\"text-align: justify;\"><strong>Buenos Aires &#8211; Argentina &#8211; 18\/05\/2020:\u00a0<\/strong>ALAF invita formalmente a participar de una nueva capacitaci\u00f3n \u00abSeguridad para Taludes Rocosos: Aprenda a convivir y atenuar riesgos\u00bb que ALAF realizar\u00e1 en conjunto con MACCAFERRI y APDFA. La misma se desarrollar\u00e1 de forma virtual, debido a la coyuntura que atravesamos, el d\u00eda martes 19 de mayo.<\/p>\n<p><a href=\"http:\/\/www.rieles.com\/front\/wp-content\/uploads\/alaf-4.jpg\"><img loading=\"lazy\" decoding=\"async\" class=\"size-full wp-image-96531 aligncenter\" src=\"http:\/\/www.rieles.com\/front\/wp-content\/uploads\/alaf-4.jpg\" alt=\"\" width=\"604\" height=\"647\" srcset=\"https:\/\/www.rieles.com\/front\/wp-content\/uploads\/alaf-4.jpg 604w, https:\/\/www.rieles.com\/front\/wp-content\/uploads\/alaf-4-280x300.jpg 280w, https:\/\/www.rieles.com\/front\/wp-content\/uploads\/alaf-4-161x172.jpg 161w\" sizes=\"auto, (max-width: 604px) 100vw, 604px\" \/><\/a><\/p>\n<p>Para inscribirse presione <a href=\"https:\/\/docs.google.com\/forms\/d\/e\/1FAIpQLSe3aEz2CDXS0Qn1z4LpQWLqTBxlI32MxUgXSfbdiWcA3HBVtg\/viewform\" target=\"_blank\" rel=\"noopener\">aqui.<\/a><\/p>\n<p><strong>Fuente:\u00a0<span style=\"color: #ff0000;\">Agencia Rieles<\/span><\/strong><\/p>\n","protected":false},"excerpt":{"rendered":"<p>Buenos Aires &#8211; Argentina &#8211; 18\/05\/2020:\u00a0ALAF invita formalmente a participar de una nueva capacitaci\u00f3n \u00abSeguridad para Taludes Rocosos: Aprenda a convivir y atenuar riesgos\u00bb que ALAF realizar\u00e1 en conjunto con MACCAFERRI y APDFA. La misma se desarrollar\u00e1 de forma virtual, debido a la coyuntura que atravesamos, el d\u00eda martes 19 de mayo. Para inscribirse presione [&hellip;]<\/p>\n","protected":false},"author":1,"featured_media":0,"comment_status":"closed","ping_status":"open","sticky":false,"template":"","format":"standard","meta":{"footnotes":""},"categories":[4,9161],"tags":[10855,9105,9644],"class_list":{"0":"post-96530","1":"post","2":"type-post","3":"status-publish","4":"format-standard","6":"category-nacionales","7":"category-rielesagencia","8":"tag-10855","9":"tag-actualidad","10":"tag-news"},"_links":{"self":[{"href":"https:\/\/www.rieles.com\/front\/wp-json\/wp\/v2\/posts\/96530","targetHints":{"allow":["GET"]}}],"collection":[{"href":"https:\/\/www.rieles.com\/front\/wp-json\/wp\/v2\/posts"}],"about":[{"href":"https:\/\/www.rieles.com\/front\/wp-json\/wp\/v2\/types\/post"}],"author":[{"embeddable":true,"href":"https:\/\/www.rieles.com\/front\/wp-json\/wp\/v2\/users\/1"}],"replies":[{"embeddable":true,"href":"https:\/\/www.rieles.com\/front\/wp-json\/wp\/v2\/comments?post=96530"}],"version-history":[{"count":1,"href":"https:\/\/www.rieles.com\/front\/wp-json\/wp\/v2\/posts\/96530\/revisions"}],"predecessor-version":[{"id":96532,"href":"https:\/\/www.rieles.com\/front\/wp-json\/wp\/v2\/posts\/96530\/revisions\/96532"}],"wp:attachment":[{"href":"https:\/\/www.rieles.com\/front\/wp-json\/wp\/v2\/media?parent=96530"}],"wp:term":[{"taxonomy":"category","embeddable":true,"href":"https:\/\/www.rieles.com\/front\/wp-json\/wp\/v2\/categories?post=96530"},{"taxonomy":"post_tag","embeddable":true,"href":"https:\/\/www.rieles.com\/front\/wp-json\/wp\/v2\/tags?post=96530"}],"curies":[{"name":"wp","href":"https:\/\/api.w.org\/{rel}","templated":true}]}}